{"id":1321,"date":"2016-01-26T14:25:37","date_gmt":"2016-01-26T13:25:37","guid":{"rendered":"https:\/\/vgrutv.wordpress.com\/?p=166"},"modified":"2018-01-18T15:58:07","modified_gmt":"2018-01-18T14:58:07","slug":"rehab-360-projekt-for-att-skapa-gemensamma-upplevelser","status":"publish","type":"post","link":"https:\/\/vgrblogg.se\/utveckling\/2016\/01\/26\/rehab-360-projekt-for-att-skapa-gemensamma-upplevelser\/","title":{"rendered":"Rehab 360 &#8211; projekt f\u00f6r att skapa gemensamma upplevelser"},"content":{"rendered":"<p>Under v\u00e5ren p\u00e5g\u00e5r ett intressant projekt inom V\u00e4stra G\u00f6talandsregionen, n\u00e4mligen att med hj\u00e4lp av teknik p\u00e5 ett pedagogiskt s\u00e4tt kunna ge insikt i patientens upplevelse i v\u00e5rden.<\/p>\n<p>Samarbetet sker tillsammans med Interactive Institute i G\u00f6teborg och syftet \u00e4r att komma med f\u00f6rslag p\u00e5 hur v\u00e5rdverksamheter kan arbeta p\u00e5 helt nytt s\u00e4tt och\/eller utveckla nya tj\u00e4nster s\u00e5 att patienters upplevelser, synpunkter och behov tas tillvara och p\u00e5 ett systematiskt s\u00e4tt f\u00f6r att f\u00f6rb\u00e4ttra v\u00e5rd och rehabilitering, f\u00f6r att st\u00e4rka m\u00e4nniskors m\u00f6jligheter att \u00e5terg\u00e5 till arbete.<\/p>\n<p>Det h\u00e4r g\u00f6r vi just nu: Deltagare i projektet \u00e4r kvinnor och m\u00e4n som har eller har haft erfarenheter av psykisk oh\u00e4lsa. De spelar en central roll i hela designprocessen och vi f\u00f6ljer dem bland annat deras vardag f\u00f6r att utifr\u00e5n deras perspektiv f\u00f6rst\u00e5 dem och betrakta utmaningarna inom omr\u00e5det. Men \u00e4ven v\u00e5rdgivare intervjuas.<\/p>\n<p>Projektet handlar om hur vi designar f\u00f6r samtal om f\u00f6r\u00e4ndring och utveckling av verksamhet, med utg\u00e5ngspunkt i gemensamma upplevelser. I projektet Rehab 360 testas hur man kan anv\u00e4nda 360-video och virtuell verklighet (VR) f\u00f6r att skapa utbildning och l\u00e4rande i v\u00e5rden i fr\u00e5gor kring bem\u00f6tande och psykisk oh\u00e4lsa.<!--more--><\/p>\n<p>Projektet \u00e4r ett samverkansprojekt mellan V\u00e4stra G\u00f6talandsregionen och Interactive Institute Swedish ICT. Nyligen filmades material med hj\u00e4lp av helt ny teknologi, b\u00e5de vad g\u00e4ller bild och ljud. Projektet visar p\u00e5 ett sp\u00e4nnande s\u00e4tt hur ny teknik kan skapa f\u00f6ruts\u00e4ttningar f\u00f6r att se och uppleva subjektiva perspektiv, b\u00e5de den v\u00e5rds\u00f6kandes och personalens.<\/p>\n<p>Materialet, tekniken och s\u00e4ttet att designa utbildningsupplevelse \u00e4r nytt. Under v\u00e5ren genomf\u00f6rs ytterligare utvecklingsarbete och tester med anv\u00e4ndare.<\/p>\n<figure id=\"attachment_168\" aria-describedby=\"caption-attachment-168\" style=\"width: 809px\" class=\"wp-caption alignnone\"><a href=\"https:\/\/vgrblogg.se\/utveckling\/wp-content\/uploads\/sites\/3\/2016\/01\/vr-inspelning-2.jpg\" rel=\"attachment wp-att-168\"><img loading=\"lazy\" decoding=\"async\" class=\"size-large wp-image-168\" src=\"https:\/\/vgrblogg.se\/utveckling\/wp-content\/uploads\/sites\/3\/2016\/01\/vr-inspelning-2.jpg?w=809\" alt=\"Inspelning av en VR-film\" width=\"809\" height=\"607\" \/><\/a><figcaption id=\"caption-attachment-168\" class=\"wp-caption-text\">S\u00e5 h\u00e4r kan det se ut under en inspelning.<\/figcaption><\/figure>\n<p>Inblandade inom V\u00e4stra G\u00f6talandsregionen \u00e4r bland annat Jeanette B\u00e4fverfeldt i det sjukv\u00e5rdsstrategiska teamet och Anna Holst p\u00e5 Backa V\u00e5rdcentral som jobbat med projektets delar som manusutveckling och sj\u00e4lva inspelningen.<\/p>\n","protected":false},"excerpt":{"rendered":"<p>Under v\u00e5ren p\u00e5g\u00e5r ett intressant projekt inom V\u00e4stra G\u00f6talandsregionen, n\u00e4mligen att med hj\u00e4lp av teknik p\u00e5 ett pedagogiskt s\u00e4tt kunna ge insikt i patientens upplevelse i v\u00e5rden. Samarbetet sker tillsammans med Interactive Institute i G\u00f6teborg och syftet \u00e4r att komma med f\u00f6rslag p\u00e5 hur v\u00e5rdverksamheter kan arbeta p\u00e5 helt nytt s\u00e4tt och\/eller utveckla nya tj\u00e4nster &hellip; <\/p>\n<p class=\"link-more\"><a href=\"https:\/\/vgrblogg.se\/utveckling\/2016\/01\/26\/rehab-360-projekt-for-att-skapa-gemensamma-upplevelser\/\" class=\"more-link\">Forts\u00e4tt l\u00e4sa<span class=\"screen-reader-text\"> \u201dRehab 360 &#8211; projekt f\u00f6r att skapa gemensamma upplevelser\u201d<\/span><\/a><\/p>\n","protected":false},"author":3,"featured_media":168,"comment_status":"open","ping_status":"open","sticky":false,"template":"","format":"standard","meta":{"footnotes":""},"categories":[2],"tags":[13,250,461,514,532,702],"class_list":["post-1321","post","type-post","status-publish","format-standard","has-post-thumbnail","hentry","category-digital-halsa","tag-360-video","tag-interactive-institute-swedish-ict","tag-personcentrerad-vard","tag-psykisk-ohalsa","tag-rehab-360","tag-vr-virtual-reality"],"yoast_head":"<!-- This site is optimized with the Yoast SEO plugin v25.6 - https:\/\/yoast.com\/wordpress\/plugins\/seo\/ -->\n<title>Rehab 360 - projekt f\u00f6r att skapa gemensamma upplevelser &#8212; Utveckling i VGR<\/title>\n<meta name=\"robots\" content=\"index, follow, max-snippet:-1, max-image-preview:large, max-video-preview:-1\" \/>\n<link rel=\"canonical\" href=\"https:\/\/vgrblogg.se\/utveckling\/2016\/01\/26\/rehab-360-projekt-for-att-skapa-gemensamma-upplevelser\/\" \/>\n<meta property=\"og:locale\" content=\"sv_SE\" \/>\n<meta property=\"og:type\" content=\"article\" \/>\n<meta property=\"og:title\" content=\"Rehab 360 - projekt f\u00f6r att skapa gemensamma upplevelser &#8212; Utveckling i VGR\" \/>\n<meta property=\"og:description\" content=\"Under v\u00e5ren p\u00e5g\u00e5r ett intressant projekt inom V\u00e4stra G\u00f6talandsregionen, n\u00e4mligen att med hj\u00e4lp av teknik p\u00e5 ett pedagogiskt s\u00e4tt kunna ge insikt i patientens upplevelse i v\u00e5rden. Samarbetet sker tillsammans med Interactive Institute i G\u00f6teborg och syftet \u00e4r att komma med f\u00f6rslag p\u00e5 hur v\u00e5rdverksamheter kan arbeta p\u00e5 helt nytt s\u00e4tt och\/eller utveckla nya tj\u00e4nster &hellip; Forts\u00e4tt l\u00e4sa \u201dRehab 360 &#8211; projekt f\u00f6r att skapa gemensamma upplevelser\u201d\" \/>\n<meta property=\"og:url\" content=\"https:\/\/vgrblogg.se\/utveckling\/2016\/01\/26\/rehab-360-projekt-for-att-skapa-gemensamma-upplevelser\/\" \/>\n<meta property=\"og:site_name\" content=\"Utveckling i VGR\" \/>\n<meta property=\"article:published_time\" content=\"2016-01-26T13:25:37+00:00\" \/>\n<meta property=\"article:modified_time\" content=\"2018-01-18T14:58:07+00:00\" \/>\n<meta property=\"og:image\" content=\"https:\/\/vgrblogg.se\/utveckling\/wp-content\/uploads\/sites\/3\/2016\/01\/vr-inspelning-1.jpg\" \/>\n\t<meta property=\"og:image:width\" content=\"1811\" \/>\n\t<meta property=\"og:image:height\" content=\"1358\" \/>\n\t<meta property=\"og:image:type\" content=\"image\/jpeg\" \/>\n<meta name=\"author\" content=\"Marcus \u00d6sterberg\" \/>\n<meta name=\"twitter:card\" content=\"summary_large_image\" \/>\n<meta name=\"twitter:creator\" content=\"@marcusosterberg\" \/>\n<meta name=\"twitter:label1\" content=\"Skriven av\" \/>\n\t<meta name=\"twitter:data1\" content=\"Marcus \u00d6sterberg\" \/>\n\t<meta name=\"twitter:label2\" content=\"Ber\u00e4knad l\u00e4stid\" \/>\n\t<meta name=\"twitter:data2\" content=\"2 minuter\" \/>\n<script type=\"application\/ld+json\" class=\"yoast-schema-graph\">{\"@context\":\"https:\/\/schema.org\",\"@graph\":[{\"@type\":\"Article\",\"@id\":\"https:\/\/vgrblogg.se\/utveckling\/2016\/01\/26\/rehab-360-projekt-for-att-skapa-gemensamma-upplevelser\/#article\",\"isPartOf\":{\"@id\":\"https:\/\/vgrblogg.se\/utveckling\/2016\/01\/26\/rehab-360-projekt-for-att-skapa-gemensamma-upplevelser\/\"},\"author\":{\"name\":\"Marcus \u00d6sterberg\",\"@id\":\"https:\/\/vgrblogg.se\/utveckling\/#\/schema\/person\/89521ab4d20982613661305cbdd5bc79\"},\"headline\":\"Rehab 360 &#8211; projekt f\u00f6r att skapa gemensamma upplevelser\",\"datePublished\":\"2016-01-26T13:25:37+00:00\",\"dateModified\":\"2018-01-18T14:58:07+00:00\",\"mainEntityOfPage\":{\"@id\":\"https:\/\/vgrblogg.se\/utveckling\/2016\/01\/26\/rehab-360-projekt-for-att-skapa-gemensamma-upplevelser\/\"},\"wordCount\":377,\"commentCount\":0,\"publisher\":{\"@id\":\"https:\/\/vgrblogg.se\/utveckling\/#organization\"},\"image\":{\"@id\":\"https:\/\/vgrblogg.se\/utveckling\/2016\/01\/26\/rehab-360-projekt-for-att-skapa-gemensamma-upplevelser\/#primaryimage\"},\"thumbnailUrl\":\"https:\/\/vgrblogg.se\/utveckling\/wp-content\/uploads\/sites\/3\/2016\/01\/vr-inspelning-1.jpg\",\"keywords\":[\"360 video\",\"Interactive Institute Swedish ICT\",\"Personcentrerad v\u00e5rd\",\"Psykisk oh\u00e4lsa\",\"Rehab 360\",\"VR (Virtual Reality)\"],\"articleSection\":[\"Digital h\u00e4lsa\"],\"inLanguage\":\"sv-SE\",\"potentialAction\":[{\"@type\":\"CommentAction\",\"name\":\"Comment\",\"target\":[\"https:\/\/vgrblogg.se\/utveckling\/2016\/01\/26\/rehab-360-projekt-for-att-skapa-gemensamma-upplevelser\/#respond\"]}]},{\"@type\":\"WebPage\",\"@id\":\"https:\/\/vgrblogg.se\/utveckling\/2016\/01\/26\/rehab-360-projekt-for-att-skapa-gemensamma-upplevelser\/\",\"url\":\"https:\/\/vgrblogg.se\/utveckling\/2016\/01\/26\/rehab-360-projekt-for-att-skapa-gemensamma-upplevelser\/\",\"name\":\"Rehab 360 - projekt f\u00f6r att skapa gemensamma upplevelser &#8212; Utveckling i VGR\",\"isPartOf\":{\"@id\":\"https:\/\/vgrblogg.se\/utveckling\/#website\"},\"primaryImageOfPage\":{\"@id\":\"https:\/\/vgrblogg.se\/utveckling\/2016\/01\/26\/rehab-360-projekt-for-att-skapa-gemensamma-upplevelser\/#primaryimage\"},\"image\":{\"@id\":\"https:\/\/vgrblogg.se\/utveckling\/2016\/01\/26\/rehab-360-projekt-for-att-skapa-gemensamma-upplevelser\/#primaryimage\"},\"thumbnailUrl\":\"https:\/\/vgrblogg.se\/utveckling\/wp-content\/uploads\/sites\/3\/2016\/01\/vr-inspelning-1.jpg\",\"datePublished\":\"2016-01-26T13:25:37+00:00\",\"dateModified\":\"2018-01-18T14:58:07+00:00\",\"breadcrumb\":{\"@id\":\"https:\/\/vgrblogg.se\/utveckling\/2016\/01\/26\/rehab-360-projekt-for-att-skapa-gemensamma-upplevelser\/#breadcrumb\"},\"inLanguage\":\"sv-SE\",\"potentialAction\":[{\"@type\":\"ReadAction\",\"target\":[\"https:\/\/vgrblogg.se\/utveckling\/2016\/01\/26\/rehab-360-projekt-for-att-skapa-gemensamma-upplevelser\/\"]}]},{\"@type\":\"ImageObject\",\"inLanguage\":\"sv-SE\",\"@id\":\"https:\/\/vgrblogg.se\/utveckling\/2016\/01\/26\/rehab-360-projekt-for-att-skapa-gemensamma-upplevelser\/#primaryimage\",\"url\":\"https:\/\/vgrblogg.se\/utveckling\/wp-content\/uploads\/sites\/3\/2016\/01\/vr-inspelning-1.jpg\",\"contentUrl\":\"https:\/\/vgrblogg.se\/utveckling\/wp-content\/uploads\/sites\/3\/2016\/01\/vr-inspelning-1.jpg\",\"width\":1811,\"height\":1358,\"caption\":\"Att titta p\u00e5 en inspelad VR-film\"},{\"@type\":\"BreadcrumbList\",\"@id\":\"https:\/\/vgrblogg.se\/utveckling\/2016\/01\/26\/rehab-360-projekt-for-att-skapa-gemensamma-upplevelser\/#breadcrumb\",\"itemListElement\":[{\"@type\":\"ListItem\",\"position\":1,\"name\":\"Hem\",\"item\":\"https:\/\/vgrblogg.se\/utveckling\/\"},{\"@type\":\"ListItem\",\"position\":2,\"name\":\"Rehab 360 &#8211; projekt f\u00f6r att skapa gemensamma upplevelser\"}]},{\"@type\":\"WebSite\",\"@id\":\"https:\/\/vgrblogg.se\/utveckling\/#website\",\"url\":\"https:\/\/vgrblogg.se\/utveckling\/\",\"name\":\"Utveckling i VGR\",\"description\":\"Inblick i utvecklingsarbetet inom VGR\",\"publisher\":{\"@id\":\"https:\/\/vgrblogg.se\/utveckling\/#organization\"},\"potentialAction\":[{\"@type\":\"SearchAction\",\"target\":{\"@type\":\"EntryPoint\",\"urlTemplate\":\"https:\/\/vgrblogg.se\/utveckling\/?s={search_term_string}\"},\"query-input\":{\"@type\":\"PropertyValueSpecification\",\"valueRequired\":true,\"valueName\":\"search_term_string\"}}],\"inLanguage\":\"sv-SE\"},{\"@type\":\"Organization\",\"@id\":\"https:\/\/vgrblogg.se\/utveckling\/#organization\",\"name\":\"Utveckling i VGR\",\"url\":\"https:\/\/vgrblogg.se\/utveckling\/\",\"logo\":{\"@type\":\"ImageObject\",\"inLanguage\":\"sv-SE\",\"@id\":\"https:\/\/vgrblogg.se\/utveckling\/#\/schema\/logo\/image\/\",\"url\":\"https:\/\/vgrblogg.se\/utveckling\/wp-content\/uploads\/sites\/3\/2018\/02\/cropped-logotype_color-1.png\",\"contentUrl\":\"https:\/\/vgrblogg.se\/utveckling\/wp-content\/uploads\/sites\/3\/2018\/02\/cropped-logotype_color-1.png\",\"width\":1234,\"height\":250,\"caption\":\"Utveckling i VGR\"},\"image\":{\"@id\":\"https:\/\/vgrblogg.se\/utveckling\/#\/schema\/logo\/image\/\"}},{\"@type\":\"Person\",\"@id\":\"https:\/\/vgrblogg.se\/utveckling\/#\/schema\/person\/89521ab4d20982613661305cbdd5bc79\",\"name\":\"Marcus \u00d6sterberg\",\"image\":{\"@type\":\"ImageObject\",\"inLanguage\":\"sv-SE\",\"@id\":\"https:\/\/vgrblogg.se\/utveckling\/#\/schema\/person\/image\/\",\"url\":\"https:\/\/secure.gravatar.com\/avatar\/3e009001c1a7e5183f24b2642fdbf63d?s=96&d=mm&r=g\",\"contentUrl\":\"https:\/\/secure.gravatar.com\/avatar\/3e009001c1a7e5183f24b2642fdbf63d?s=96&d=mm&r=g\",\"caption\":\"Marcus \u00d6sterberg\"},\"description\":\"Jobbade som utvecklings- och innovationsledare p\u00e5 V\u00e4stra G\u00f6talandsregionen, bl.a. p\u00e5 avdelningen V\u00e5rdens digitalisering, med expertis inom webbanalys och webbutveckling. Slutade 2022. F\u00f6rfattare till boken Webbstrategi f\u00f6r alla, samt Webbanalys - f\u00f6rst\u00e5 och f\u00f6rb\u00e4ttra anv\u00e4ndarnas upplevelse. Mer om Marcus \u00d6sterberg finns h\u00e4r.\",\"sameAs\":[\"https:\/\/marcusosterberg.se\",\"https:\/\/se.linkedin.com\/in\/marcusosterberg\",\"https:\/\/x.com\/marcusosterberg\"],\"url\":\"https:\/\/vgrblogg.se\/utveckling\/author\/mosterberg\/\"}]}<\/script>\n<!-- \/ Yoast SEO plugin. -->","yoast_head_json":{"title":"Rehab 360 - projekt f\u00f6r att skapa gemensamma upplevelser &#8212; Utveckling i VGR","robots":{"index":"index","follow":"follow","max-snippet":"max-snippet:-1","max-image-preview":"max-image-preview:large","max-video-preview":"max-video-preview:-1"},"canonical":"https:\/\/vgrblogg.se\/utveckling\/2016\/01\/26\/rehab-360-projekt-for-att-skapa-gemensamma-upplevelser\/","og_locale":"sv_SE","og_type":"article","og_title":"Rehab 360 - projekt f\u00f6r att skapa gemensamma upplevelser &#8212; Utveckling i VGR","og_description":"Under v\u00e5ren p\u00e5g\u00e5r ett intressant projekt inom V\u00e4stra G\u00f6talandsregionen, n\u00e4mligen att med hj\u00e4lp av teknik p\u00e5 ett pedagogiskt s\u00e4tt kunna ge insikt i patientens upplevelse i v\u00e5rden. Samarbetet sker tillsammans med Interactive Institute i G\u00f6teborg och syftet \u00e4r att komma med f\u00f6rslag p\u00e5 hur v\u00e5rdverksamheter kan arbeta p\u00e5 helt nytt s\u00e4tt och\/eller utveckla nya tj\u00e4nster &hellip; Forts\u00e4tt l\u00e4sa \u201dRehab 360 &#8211; projekt f\u00f6r att skapa gemensamma upplevelser\u201d","og_url":"https:\/\/vgrblogg.se\/utveckling\/2016\/01\/26\/rehab-360-projekt-for-att-skapa-gemensamma-upplevelser\/","og_site_name":"Utveckling i VGR","article_published_time":"2016-01-26T13:25:37+00:00","article_modified_time":"2018-01-18T14:58:07+00:00","og_image":[{"width":1811,"height":1358,"url":"https:\/\/vgrblogg.se\/utveckling\/wp-content\/uploads\/sites\/3\/2016\/01\/vr-inspelning-1.jpg","type":"image\/jpeg"}],"author":"Marcus \u00d6sterberg","twitter_card":"summary_large_image","twitter_creator":"@marcusosterberg","twitter_misc":{"Skriven av":"Marcus \u00d6sterberg","Ber\u00e4knad l\u00e4stid":"2 minuter"},"schema":{"@context":"https:\/\/schema.org","@graph":[{"@type":"Article","@id":"https:\/\/vgrblogg.se\/utveckling\/2016\/01\/26\/rehab-360-projekt-for-att-skapa-gemensamma-upplevelser\/#article","isPartOf":{"@id":"https:\/\/vgrblogg.se\/utveckling\/2016\/01\/26\/rehab-360-projekt-for-att-skapa-gemensamma-upplevelser\/"},"author":{"name":"Marcus \u00d6sterberg","@id":"https:\/\/vgrblogg.se\/utveckling\/#\/schema\/person\/89521ab4d20982613661305cbdd5bc79"},"headline":"Rehab 360 &#8211; projekt f\u00f6r att skapa gemensamma upplevelser","datePublished":"2016-01-26T13:25:37+00:00","dateModified":"2018-01-18T14:58:07+00:00","mainEntityOfPage":{"@id":"https:\/\/vgrblogg.se\/utveckling\/2016\/01\/26\/rehab-360-projekt-for-att-skapa-gemensamma-upplevelser\/"},"wordCount":377,"commentCount":0,"publisher":{"@id":"https:\/\/vgrblogg.se\/utveckling\/#organization"},"image":{"@id":"https:\/\/vgrblogg.se\/utveckling\/2016\/01\/26\/rehab-360-projekt-for-att-skapa-gemensamma-upplevelser\/#primaryimage"},"thumbnailUrl":"https:\/\/vgrblogg.se\/utveckling\/wp-content\/uploads\/sites\/3\/2016\/01\/vr-inspelning-1.jpg","keywords":["360 video","Interactive Institute Swedish ICT","Personcentrerad v\u00e5rd","Psykisk oh\u00e4lsa","Rehab 360","VR (Virtual Reality)"],"articleSection":["Digital h\u00e4lsa"],"inLanguage":"sv-SE","potentialAction":[{"@type":"CommentAction","name":"Comment","target":["https:\/\/vgrblogg.se\/utveckling\/2016\/01\/26\/rehab-360-projekt-for-att-skapa-gemensamma-upplevelser\/#respond"]}]},{"@type":"WebPage","@id":"https:\/\/vgrblogg.se\/utveckling\/2016\/01\/26\/rehab-360-projekt-for-att-skapa-gemensamma-upplevelser\/","url":"https:\/\/vgrblogg.se\/utveckling\/2016\/01\/26\/rehab-360-projekt-for-att-skapa-gemensamma-upplevelser\/","name":"Rehab 360 - projekt f\u00f6r att skapa gemensamma upplevelser &#8212; Utveckling i VGR","isPartOf":{"@id":"https:\/\/vgrblogg.se\/utveckling\/#website"},"primaryImageOfPage":{"@id":"https:\/\/vgrblogg.se\/utveckling\/2016\/01\/26\/rehab-360-projekt-for-att-skapa-gemensamma-upplevelser\/#primaryimage"},"image":{"@id":"https:\/\/vgrblogg.se\/utveckling\/2016\/01\/26\/rehab-360-projekt-for-att-skapa-gemensamma-upplevelser\/#primaryimage"},"thumbnailUrl":"https:\/\/vgrblogg.se\/utveckling\/wp-content\/uploads\/sites\/3\/2016\/01\/vr-inspelning-1.jpg","datePublished":"2016-01-26T13:25:37+00:00","dateModified":"2018-01-18T14:58:07+00:00","breadcrumb":{"@id":"https:\/\/vgrblogg.se\/utveckling\/2016\/01\/26\/rehab-360-projekt-for-att-skapa-gemensamma-upplevelser\/#breadcrumb"},"inLanguage":"sv-SE","potentialAction":[{"@type":"ReadAction","target":["https:\/\/vgrblogg.se\/utveckling\/2016\/01\/26\/rehab-360-projekt-for-att-skapa-gemensamma-upplevelser\/"]}]},{"@type":"ImageObject","inLanguage":"sv-SE","@id":"https:\/\/vgrblogg.se\/utveckling\/2016\/01\/26\/rehab-360-projekt-for-att-skapa-gemensamma-upplevelser\/#primaryimage","url":"https:\/\/vgrblogg.se\/utveckling\/wp-content\/uploads\/sites\/3\/2016\/01\/vr-inspelning-1.jpg","contentUrl":"https:\/\/vgrblogg.se\/utveckling\/wp-content\/uploads\/sites\/3\/2016\/01\/vr-inspelning-1.jpg","width":1811,"height":1358,"caption":"Att titta p\u00e5 en inspelad VR-film"},{"@type":"BreadcrumbList","@id":"https:\/\/vgrblogg.se\/utveckling\/2016\/01\/26\/rehab-360-projekt-for-att-skapa-gemensamma-upplevelser\/#breadcrumb","itemListElement":[{"@type":"ListItem","position":1,"name":"Hem","item":"https:\/\/vgrblogg.se\/utveckling\/"},{"@type":"ListItem","position":2,"name":"Rehab 360 &#8211; projekt f\u00f6r att skapa gemensamma upplevelser"}]},{"@type":"WebSite","@id":"https:\/\/vgrblogg.se\/utveckling\/#website","url":"https:\/\/vgrblogg.se\/utveckling\/","name":"Utveckling i VGR","description":"Inblick i utvecklingsarbetet inom VGR","publisher":{"@id":"https:\/\/vgrblogg.se\/utveckling\/#organization"},"potentialAction":[{"@type":"SearchAction","target":{"@type":"EntryPoint","urlTemplate":"https:\/\/vgrblogg.se\/utveckling\/?s={search_term_string}"},"query-input":{"@type":"PropertyValueSpecification","valueRequired":true,"valueName":"search_term_string"}}],"inLanguage":"sv-SE"},{"@type":"Organization","@id":"https:\/\/vgrblogg.se\/utveckling\/#organization","name":"Utveckling i VGR","url":"https:\/\/vgrblogg.se\/utveckling\/","logo":{"@type":"ImageObject","inLanguage":"sv-SE","@id":"https:\/\/vgrblogg.se\/utveckling\/#\/schema\/logo\/image\/","url":"https:\/\/vgrblogg.se\/utveckling\/wp-content\/uploads\/sites\/3\/2018\/02\/cropped-logotype_color-1.png","contentUrl":"https:\/\/vgrblogg.se\/utveckling\/wp-content\/uploads\/sites\/3\/2018\/02\/cropped-logotype_color-1.png","width":1234,"height":250,"caption":"Utveckling i VGR"},"image":{"@id":"https:\/\/vgrblogg.se\/utveckling\/#\/schema\/logo\/image\/"}},{"@type":"Person","@id":"https:\/\/vgrblogg.se\/utveckling\/#\/schema\/person\/89521ab4d20982613661305cbdd5bc79","name":"Marcus \u00d6sterberg","image":{"@type":"ImageObject","inLanguage":"sv-SE","@id":"https:\/\/vgrblogg.se\/utveckling\/#\/schema\/person\/image\/","url":"https:\/\/secure.gravatar.com\/avatar\/3e009001c1a7e5183f24b2642fdbf63d?s=96&d=mm&r=g","contentUrl":"https:\/\/secure.gravatar.com\/avatar\/3e009001c1a7e5183f24b2642fdbf63d?s=96&d=mm&r=g","caption":"Marcus \u00d6sterberg"},"description":"Jobbade som utvecklings- och innovationsledare p\u00e5 V\u00e4stra G\u00f6talandsregionen, bl.a. p\u00e5 avdelningen V\u00e5rdens digitalisering, med expertis inom webbanalys och webbutveckling. Slutade 2022. F\u00f6rfattare till boken Webbstrategi f\u00f6r alla, samt Webbanalys - f\u00f6rst\u00e5 och f\u00f6rb\u00e4ttra anv\u00e4ndarnas upplevelse. Mer om Marcus \u00d6sterberg finns h\u00e4r.","sameAs":["https:\/\/marcusosterberg.se","https:\/\/se.linkedin.com\/in\/marcusosterberg","https:\/\/x.com\/marcusosterberg"],"url":"https:\/\/vgrblogg.se\/utveckling\/author\/mosterberg\/"}]}},"_links":{"self":[{"href":"https:\/\/vgrblogg.se\/utveckling\/wp-json\/wp\/v2\/posts\/1321"}],"collection":[{"href":"https:\/\/vgrblogg.se\/utveckling\/wp-json\/wp\/v2\/posts"}],"about":[{"href":"https:\/\/vgrblogg.se\/utveckling\/wp-json\/wp\/v2\/types\/post"}],"author":[{"embeddable":true,"href":"https:\/\/vgrblogg.se\/utveckling\/wp-json\/wp\/v2\/users\/3"}],"replies":[{"embeddable":true,"href":"https:\/\/vgrblogg.se\/utveckling\/wp-json\/wp\/v2\/comments?post=1321"}],"version-history":[{"count":1,"href":"https:\/\/vgrblogg.se\/utveckling\/wp-json\/wp\/v2\/posts\/1321\/revisions"}],"predecessor-version":[{"id":1396,"href":"https:\/\/vgrblogg.se\/utveckling\/wp-json\/wp\/v2\/posts\/1321\/revisions\/1396"}],"wp:featuredmedia":[{"embeddable":true,"href":"https:\/\/vgrblogg.se\/utveckling\/wp-json\/wp\/v2\/media\/168"}],"wp:attachment":[{"href":"https:\/\/vgrblogg.se\/utveckling\/wp-json\/wp\/v2\/media?parent=1321"}],"wp:term":[{"taxonomy":"category","embeddable":true,"href":"https:\/\/vgrblogg.se\/utveckling\/wp-json\/wp\/v2\/categories?post=1321"},{"taxonomy":"post_tag","embeddable":true,"href":"https:\/\/vgrblogg.se\/utveckling\/wp-json\/wp\/v2\/tags?post=1321"}],"curies":[{"name":"wp","href":"https:\/\/api.w.org\/{rel}","templated":true}]}}