{"id":1323,"date":"2016-01-28T22:59:43","date_gmt":"2016-01-28T21:59:43","guid":{"rendered":"https:\/\/vgrutv.wordpress.com\/?p=177"},"modified":"2016-01-28T22:59:43","modified_gmt":"2016-01-28T21:59:43","slug":"presentation-fran-webbanalysdagen-2016","status":"publish","type":"post","link":"https:\/\/vgrblogg.se\/utveckling\/2016\/01\/28\/presentation-fran-webbanalysdagen-2016\/","title":{"rendered":"Presentation fr\u00e5n Webbanalysdagen 2016"},"content":{"rendered":"<p>28:e januari arrangerades Webbanalysdagen i Stockholm. Jag var d\u00e4r och spred missionen om V\u00e4stra G\u00f6talandsregionens prestandabudget och att det faktiskt kan vara l\u00f6nsamt att en webbplats \u00e4r snabb.<\/p>\n<p>Precis som vid tidigare f\u00f6rel\u00e4sningar om webbprestanda s\u00e5 tycks folk gilla det vi g\u00f6r, s\u00e5 till den milda grad att de vill komma fram efter\u00e5t och tala om det. Det gl\u00e4djer en byr\u00e5kratn\u00f6rd som mig \ud83d\ude42<!--more--><\/p>\n<p>Vill du kolla in <a href=\"http:\/\/www.slideshare.net\/webbfunktion\/webbanalysdagen-webbanalys-optimera-prestanda\">presentationen s\u00e5 finns den p\u00e5 Slideshare<\/a>, och inb\u00e4ddad nedan. <a href=\"http:\/\/webbstrategiforalla.se\/podcast\/07-om-webboptimering\/\">F\u00f6rel\u00e4sningen finns ocks\u00e5 som ett poddavsnitt<\/a>.<\/p>\n<p>[slideshare id=57573801&amp;doc=webbanalysdagen-preso-marcus-osterberg-2016-01-20-160127191709]<\/p>\n","protected":false},"excerpt":{"rendered":"<p>28:e januari arrangerades Webbanalysdagen i Stockholm. Jag var d\u00e4r och spred missionen om V\u00e4stra G\u00f6talandsregionens prestandabudget och att det faktiskt kan vara l\u00f6nsamt att en webbplats \u00e4r snabb. Precis som vid tidigare f\u00f6rel\u00e4sningar om webbprestanda s\u00e5 tycks folk gilla det vi g\u00f6r, s\u00e5 till den milda grad att de vill komma fram efter\u00e5t och tala &hellip; <\/p>\n<p class=\"link-more\"><a href=\"https:\/\/vgrblogg.se\/utveckling\/2016\/01\/28\/presentation-fran-webbanalysdagen-2016\/\" class=\"more-link\">Forts\u00e4tt l\u00e4sa<span class=\"screen-reader-text\"> \u201dPresentation fr\u00e5n Webbanalysdagen 2016\u201d<\/span><\/a><\/p>\n","protected":false},"author":3,"featured_media":176,"comment_status":"open","ping_status":"open","sticky":false,"template":"","format":"standard","meta":{"footnotes":""},"categories":[3],"tags":[493,709],"class_list":["post-1323","post","type-post","status-publish","format-standard","has-post-thumbnail","hentry","category-digitala-medier-webbutveckling","tag-prestandabudget","tag-webbanalysdagen"],"yoast_head":"<!-- This site is optimized with the Yoast SEO plugin v25.6 - https:\/\/yoast.com\/wordpress\/plugins\/seo\/ -->\n<title>Presentation fr\u00e5n Webbanalysdagen 2016 &#8212; Utveckling i VGR<\/title>\n<meta name=\"robots\" content=\"index, follow, max-snippet:-1, max-image-preview:large, max-video-preview:-1\" \/>\n<link rel=\"canonical\" href=\"https:\/\/vgrblogg.se\/utveckling\/2016\/01\/28\/presentation-fran-webbanalysdagen-2016\/\" \/>\n<meta property=\"og:locale\" content=\"sv_SE\" \/>\n<meta property=\"og:type\" content=\"article\" \/>\n<meta property=\"og:title\" content=\"Presentation fr\u00e5n Webbanalysdagen 2016 &#8212; Utveckling i VGR\" \/>\n<meta property=\"og:description\" content=\"28:e januari arrangerades Webbanalysdagen i Stockholm. Jag var d\u00e4r och spred missionen om V\u00e4stra G\u00f6talandsregionens prestandabudget och att det faktiskt kan vara l\u00f6nsamt att en webbplats \u00e4r snabb. Precis som vid tidigare f\u00f6rel\u00e4sningar om webbprestanda s\u00e5 tycks folk gilla det vi g\u00f6r, s\u00e5 till den milda grad att de vill komma fram efter\u00e5t och tala &hellip; Forts\u00e4tt l\u00e4sa \u201dPresentation fr\u00e5n Webbanalysdagen 2016\u201d\" \/>\n<meta property=\"og:url\" content=\"https:\/\/vgrblogg.se\/utveckling\/2016\/01\/28\/presentation-fran-webbanalysdagen-2016\/\" \/>\n<meta property=\"og:site_name\" content=\"Utveckling i VGR\" \/>\n<meta property=\"article:published_time\" content=\"2016-01-28T21:59:43+00:00\" \/>\n<meta property=\"og:image\" content=\"https:\/\/vgrblogg.se\/utveckling\/wp-content\/uploads\/sites\/3\/2016\/01\/webbanalysdagen-2016.jpg\" \/>\n\t<meta property=\"og:image:width\" content=\"1000\" \/>\n\t<meta property=\"og:image:height\" content=\"567\" \/>\n\t<meta property=\"og:image:type\" content=\"image\/jpeg\" \/>\n<meta name=\"author\" content=\"Marcus \u00d6sterberg\" \/>\n<meta name=\"twitter:card\" content=\"summary_large_image\" \/>\n<meta name=\"twitter:creator\" content=\"@marcusosterberg\" \/>\n<meta name=\"twitter:label1\" content=\"Skriven av\" \/>\n\t<meta name=\"twitter:data1\" content=\"Marcus \u00d6sterberg\" \/>\n\t<meta name=\"twitter:label2\" content=\"Ber\u00e4knad l\u00e4stid\" \/>\n\t<meta name=\"twitter:data2\" content=\"1 minut\" \/>\n<script type=\"application\/ld+json\" class=\"yoast-schema-graph\">{\"@context\":\"https:\/\/schema.org\",\"@graph\":[{\"@type\":\"Article\",\"@id\":\"https:\/\/vgrblogg.se\/utveckling\/2016\/01\/28\/presentation-fran-webbanalysdagen-2016\/#article\",\"isPartOf\":{\"@id\":\"https:\/\/vgrblogg.se\/utveckling\/2016\/01\/28\/presentation-fran-webbanalysdagen-2016\/\"},\"author\":{\"name\":\"Marcus \u00d6sterberg\",\"@id\":\"https:\/\/vgrblogg.se\/utveckling\/#\/schema\/person\/89521ab4d20982613661305cbdd5bc79\"},\"headline\":\"Presentation fr\u00e5n Webbanalysdagen 2016\",\"datePublished\":\"2016-01-28T21:59:43+00:00\",\"mainEntityOfPage\":{\"@id\":\"https:\/\/vgrblogg.se\/utveckling\/2016\/01\/28\/presentation-fran-webbanalysdagen-2016\/\"},\"wordCount\":108,\"commentCount\":0,\"publisher\":{\"@id\":\"https:\/\/vgrblogg.se\/utveckling\/#organization\"},\"image\":{\"@id\":\"https:\/\/vgrblogg.se\/utveckling\/2016\/01\/28\/presentation-fran-webbanalysdagen-2016\/#primaryimage\"},\"thumbnailUrl\":\"https:\/\/vgrblogg.se\/utveckling\/wp-content\/uploads\/sites\/3\/2016\/01\/webbanalysdagen-2016.jpg\",\"keywords\":[\"Prestandabudget\",\"Webbanalysdagen\"],\"articleSection\":[\"Digitala medier &amp; webbutveckling\"],\"inLanguage\":\"sv-SE\",\"potentialAction\":[{\"@type\":\"CommentAction\",\"name\":\"Comment\",\"target\":[\"https:\/\/vgrblogg.se\/utveckling\/2016\/01\/28\/presentation-fran-webbanalysdagen-2016\/#respond\"]}]},{\"@type\":\"WebPage\",\"@id\":\"https:\/\/vgrblogg.se\/utveckling\/2016\/01\/28\/presentation-fran-webbanalysdagen-2016\/\",\"url\":\"https:\/\/vgrblogg.se\/utveckling\/2016\/01\/28\/presentation-fran-webbanalysdagen-2016\/\",\"name\":\"Presentation fr\u00e5n Webbanalysdagen 2016 &#8212; Utveckling i VGR\",\"isPartOf\":{\"@id\":\"https:\/\/vgrblogg.se\/utveckling\/#website\"},\"primaryImageOfPage\":{\"@id\":\"https:\/\/vgrblogg.se\/utveckling\/2016\/01\/28\/presentation-fran-webbanalysdagen-2016\/#primaryimage\"},\"image\":{\"@id\":\"https:\/\/vgrblogg.se\/utveckling\/2016\/01\/28\/presentation-fran-webbanalysdagen-2016\/#primaryimage\"},\"thumbnailUrl\":\"https:\/\/vgrblogg.se\/utveckling\/wp-content\/uploads\/sites\/3\/2016\/01\/webbanalysdagen-2016.jpg\",\"datePublished\":\"2016-01-28T21:59:43+00:00\",\"breadcrumb\":{\"@id\":\"https:\/\/vgrblogg.se\/utveckling\/2016\/01\/28\/presentation-fran-webbanalysdagen-2016\/#breadcrumb\"},\"inLanguage\":\"sv-SE\",\"potentialAction\":[{\"@type\":\"ReadAction\",\"target\":[\"https:\/\/vgrblogg.se\/utveckling\/2016\/01\/28\/presentation-fran-webbanalysdagen-2016\/\"]}]},{\"@type\":\"ImageObject\",\"inLanguage\":\"sv-SE\",\"@id\":\"https:\/\/vgrblogg.se\/utveckling\/2016\/01\/28\/presentation-fran-webbanalysdagen-2016\/#primaryimage\",\"url\":\"https:\/\/vgrblogg.se\/utveckling\/wp-content\/uploads\/sites\/3\/2016\/01\/webbanalysdagen-2016.jpg\",\"contentUrl\":\"https:\/\/vgrblogg.se\/utveckling\/wp-content\/uploads\/sites\/3\/2016\/01\/webbanalysdagen-2016.jpg\",\"width\":1000,\"height\":567,\"caption\":\"Webbanalysdagen 2016\"},{\"@type\":\"BreadcrumbList\",\"@id\":\"https:\/\/vgrblogg.se\/utveckling\/2016\/01\/28\/presentation-fran-webbanalysdagen-2016\/#breadcrumb\",\"itemListElement\":[{\"@type\":\"ListItem\",\"position\":1,\"name\":\"Hem\",\"item\":\"https:\/\/vgrblogg.se\/utveckling\/\"},{\"@type\":\"ListItem\",\"position\":2,\"name\":\"Presentation fr\u00e5n Webbanalysdagen 2016\"}]},{\"@type\":\"WebSite\",\"@id\":\"https:\/\/vgrblogg.se\/utveckling\/#website\",\"url\":\"https:\/\/vgrblogg.se\/utveckling\/\",\"name\":\"Utveckling i VGR\",\"description\":\"Inblick i utvecklingsarbetet inom VGR\",\"publisher\":{\"@id\":\"https:\/\/vgrblogg.se\/utveckling\/#organization\"},\"potentialAction\":[{\"@type\":\"SearchAction\",\"target\":{\"@type\":\"EntryPoint\",\"urlTemplate\":\"https:\/\/vgrblogg.se\/utveckling\/?s={search_term_string}\"},\"query-input\":{\"@type\":\"PropertyValueSpecification\",\"valueRequired\":true,\"valueName\":\"search_term_string\"}}],\"inLanguage\":\"sv-SE\"},{\"@type\":\"Organization\",\"@id\":\"https:\/\/vgrblogg.se\/utveckling\/#organization\",\"name\":\"Utveckling i VGR\",\"url\":\"https:\/\/vgrblogg.se\/utveckling\/\",\"logo\":{\"@type\":\"ImageObject\",\"inLanguage\":\"sv-SE\",\"@id\":\"https:\/\/vgrblogg.se\/utveckling\/#\/schema\/logo\/image\/\",\"url\":\"https:\/\/vgrblogg.se\/utveckling\/wp-content\/uploads\/sites\/3\/2018\/02\/cropped-logotype_color-1.png\",\"contentUrl\":\"https:\/\/vgrblogg.se\/utveckling\/wp-content\/uploads\/sites\/3\/2018\/02\/cropped-logotype_color-1.png\",\"width\":1234,\"height\":250,\"caption\":\"Utveckling i VGR\"},\"image\":{\"@id\":\"https:\/\/vgrblogg.se\/utveckling\/#\/schema\/logo\/image\/\"}},{\"@type\":\"Person\",\"@id\":\"https:\/\/vgrblogg.se\/utveckling\/#\/schema\/person\/89521ab4d20982613661305cbdd5bc79\",\"name\":\"Marcus \u00d6sterberg\",\"image\":{\"@type\":\"ImageObject\",\"inLanguage\":\"sv-SE\",\"@id\":\"https:\/\/vgrblogg.se\/utveckling\/#\/schema\/person\/image\/\",\"url\":\"https:\/\/secure.gravatar.com\/avatar\/3e009001c1a7e5183f24b2642fdbf63d?s=96&d=mm&r=g\",\"contentUrl\":\"https:\/\/secure.gravatar.com\/avatar\/3e009001c1a7e5183f24b2642fdbf63d?s=96&d=mm&r=g\",\"caption\":\"Marcus \u00d6sterberg\"},\"description\":\"Jobbade som utvecklings- och innovationsledare p\u00e5 V\u00e4stra G\u00f6talandsregionen, bl.a. p\u00e5 avdelningen V\u00e5rdens digitalisering, med expertis inom webbanalys och webbutveckling. Slutade 2022. F\u00f6rfattare till boken Webbstrategi f\u00f6r alla, samt Webbanalys - f\u00f6rst\u00e5 och f\u00f6rb\u00e4ttra anv\u00e4ndarnas upplevelse. Mer om Marcus \u00d6sterberg finns h\u00e4r.\",\"sameAs\":[\"https:\/\/marcusosterberg.se\",\"https:\/\/se.linkedin.com\/in\/marcusosterberg\",\"https:\/\/x.com\/marcusosterberg\"],\"url\":\"https:\/\/vgrblogg.se\/utveckling\/author\/mosterberg\/\"}]}<\/script>\n<!-- \/ Yoast SEO plugin. -->","yoast_head_json":{"title":"Presentation fr\u00e5n Webbanalysdagen 2016 &#8212; Utveckling i VGR","robots":{"index":"index","follow":"follow","max-snippet":"max-snippet:-1","max-image-preview":"max-image-preview:large","max-video-preview":"max-video-preview:-1"},"canonical":"https:\/\/vgrblogg.se\/utveckling\/2016\/01\/28\/presentation-fran-webbanalysdagen-2016\/","og_locale":"sv_SE","og_type":"article","og_title":"Presentation fr\u00e5n Webbanalysdagen 2016 &#8212; Utveckling i VGR","og_description":"28:e januari arrangerades Webbanalysdagen i Stockholm. Jag var d\u00e4r och spred missionen om V\u00e4stra G\u00f6talandsregionens prestandabudget och att det faktiskt kan vara l\u00f6nsamt att en webbplats \u00e4r snabb. Precis som vid tidigare f\u00f6rel\u00e4sningar om webbprestanda s\u00e5 tycks folk gilla det vi g\u00f6r, s\u00e5 till den milda grad att de vill komma fram efter\u00e5t och tala &hellip; Forts\u00e4tt l\u00e4sa \u201dPresentation fr\u00e5n Webbanalysdagen 2016\u201d","og_url":"https:\/\/vgrblogg.se\/utveckling\/2016\/01\/28\/presentation-fran-webbanalysdagen-2016\/","og_site_name":"Utveckling i VGR","article_published_time":"2016-01-28T21:59:43+00:00","og_image":[{"width":1000,"height":567,"url":"https:\/\/vgrblogg.se\/utveckling\/wp-content\/uploads\/sites\/3\/2016\/01\/webbanalysdagen-2016.jpg","type":"image\/jpeg"}],"author":"Marcus \u00d6sterberg","twitter_card":"summary_large_image","twitter_creator":"@marcusosterberg","twitter_misc":{"Skriven av":"Marcus \u00d6sterberg","Ber\u00e4knad l\u00e4stid":"1 minut"},"schema":{"@context":"https:\/\/schema.org","@graph":[{"@type":"Article","@id":"https:\/\/vgrblogg.se\/utveckling\/2016\/01\/28\/presentation-fran-webbanalysdagen-2016\/#article","isPartOf":{"@id":"https:\/\/vgrblogg.se\/utveckling\/2016\/01\/28\/presentation-fran-webbanalysdagen-2016\/"},"author":{"name":"Marcus \u00d6sterberg","@id":"https:\/\/vgrblogg.se\/utveckling\/#\/schema\/person\/89521ab4d20982613661305cbdd5bc79"},"headline":"Presentation fr\u00e5n Webbanalysdagen 2016","datePublished":"2016-01-28T21:59:43+00:00","mainEntityOfPage":{"@id":"https:\/\/vgrblogg.se\/utveckling\/2016\/01\/28\/presentation-fran-webbanalysdagen-2016\/"},"wordCount":108,"commentCount":0,"publisher":{"@id":"https:\/\/vgrblogg.se\/utveckling\/#organization"},"image":{"@id":"https:\/\/vgrblogg.se\/utveckling\/2016\/01\/28\/presentation-fran-webbanalysdagen-2016\/#primaryimage"},"thumbnailUrl":"https:\/\/vgrblogg.se\/utveckling\/wp-content\/uploads\/sites\/3\/2016\/01\/webbanalysdagen-2016.jpg","keywords":["Prestandabudget","Webbanalysdagen"],"articleSection":["Digitala medier &amp; webbutveckling"],"inLanguage":"sv-SE","potentialAction":[{"@type":"CommentAction","name":"Comment","target":["https:\/\/vgrblogg.se\/utveckling\/2016\/01\/28\/presentation-fran-webbanalysdagen-2016\/#respond"]}]},{"@type":"WebPage","@id":"https:\/\/vgrblogg.se\/utveckling\/2016\/01\/28\/presentation-fran-webbanalysdagen-2016\/","url":"https:\/\/vgrblogg.se\/utveckling\/2016\/01\/28\/presentation-fran-webbanalysdagen-2016\/","name":"Presentation fr\u00e5n Webbanalysdagen 2016 &#8212; Utveckling i VGR","isPartOf":{"@id":"https:\/\/vgrblogg.se\/utveckling\/#website"},"primaryImageOfPage":{"@id":"https:\/\/vgrblogg.se\/utveckling\/2016\/01\/28\/presentation-fran-webbanalysdagen-2016\/#primaryimage"},"image":{"@id":"https:\/\/vgrblogg.se\/utveckling\/2016\/01\/28\/presentation-fran-webbanalysdagen-2016\/#primaryimage"},"thumbnailUrl":"https:\/\/vgrblogg.se\/utveckling\/wp-content\/uploads\/sites\/3\/2016\/01\/webbanalysdagen-2016.jpg","datePublished":"2016-01-28T21:59:43+00:00","breadcrumb":{"@id":"https:\/\/vgrblogg.se\/utveckling\/2016\/01\/28\/presentation-fran-webbanalysdagen-2016\/#breadcrumb"},"inLanguage":"sv-SE","potentialAction":[{"@type":"ReadAction","target":["https:\/\/vgrblogg.se\/utveckling\/2016\/01\/28\/presentation-fran-webbanalysdagen-2016\/"]}]},{"@type":"ImageObject","inLanguage":"sv-SE","@id":"https:\/\/vgrblogg.se\/utveckling\/2016\/01\/28\/presentation-fran-webbanalysdagen-2016\/#primaryimage","url":"https:\/\/vgrblogg.se\/utveckling\/wp-content\/uploads\/sites\/3\/2016\/01\/webbanalysdagen-2016.jpg","contentUrl":"https:\/\/vgrblogg.se\/utveckling\/wp-content\/uploads\/sites\/3\/2016\/01\/webbanalysdagen-2016.jpg","width":1000,"height":567,"caption":"Webbanalysdagen 2016"},{"@type":"BreadcrumbList","@id":"https:\/\/vgrblogg.se\/utveckling\/2016\/01\/28\/presentation-fran-webbanalysdagen-2016\/#breadcrumb","itemListElement":[{"@type":"ListItem","position":1,"name":"Hem","item":"https:\/\/vgrblogg.se\/utveckling\/"},{"@type":"ListItem","position":2,"name":"Presentation fr\u00e5n Webbanalysdagen 2016"}]},{"@type":"WebSite","@id":"https:\/\/vgrblogg.se\/utveckling\/#website","url":"https:\/\/vgrblogg.se\/utveckling\/","name":"Utveckling i VGR","description":"Inblick i utvecklingsarbetet inom VGR","publisher":{"@id":"https:\/\/vgrblogg.se\/utveckling\/#organization"},"potentialAction":[{"@type":"SearchAction","target":{"@type":"EntryPoint","urlTemplate":"https:\/\/vgrblogg.se\/utveckling\/?s={search_term_string}"},"query-input":{"@type":"PropertyValueSpecification","valueRequired":true,"valueName":"search_term_string"}}],"inLanguage":"sv-SE"},{"@type":"Organization","@id":"https:\/\/vgrblogg.se\/utveckling\/#organization","name":"Utveckling i VGR","url":"https:\/\/vgrblogg.se\/utveckling\/","logo":{"@type":"ImageObject","inLanguage":"sv-SE","@id":"https:\/\/vgrblogg.se\/utveckling\/#\/schema\/logo\/image\/","url":"https:\/\/vgrblogg.se\/utveckling\/wp-content\/uploads\/sites\/3\/2018\/02\/cropped-logotype_color-1.png","contentUrl":"https:\/\/vgrblogg.se\/utveckling\/wp-content\/uploads\/sites\/3\/2018\/02\/cropped-logotype_color-1.png","width":1234,"height":250,"caption":"Utveckling i VGR"},"image":{"@id":"https:\/\/vgrblogg.se\/utveckling\/#\/schema\/logo\/image\/"}},{"@type":"Person","@id":"https:\/\/vgrblogg.se\/utveckling\/#\/schema\/person\/89521ab4d20982613661305cbdd5bc79","name":"Marcus \u00d6sterberg","image":{"@type":"ImageObject","inLanguage":"sv-SE","@id":"https:\/\/vgrblogg.se\/utveckling\/#\/schema\/person\/image\/","url":"https:\/\/secure.gravatar.com\/avatar\/3e009001c1a7e5183f24b2642fdbf63d?s=96&d=mm&r=g","contentUrl":"https:\/\/secure.gravatar.com\/avatar\/3e009001c1a7e5183f24b2642fdbf63d?s=96&d=mm&r=g","caption":"Marcus \u00d6sterberg"},"description":"Jobbade som utvecklings- och innovationsledare p\u00e5 V\u00e4stra G\u00f6talandsregionen, bl.a. p\u00e5 avdelningen V\u00e5rdens digitalisering, med expertis inom webbanalys och webbutveckling. Slutade 2022. F\u00f6rfattare till boken Webbstrategi f\u00f6r alla, samt Webbanalys - f\u00f6rst\u00e5 och f\u00f6rb\u00e4ttra anv\u00e4ndarnas upplevelse. Mer om Marcus \u00d6sterberg finns h\u00e4r.","sameAs":["https:\/\/marcusosterberg.se","https:\/\/se.linkedin.com\/in\/marcusosterberg","https:\/\/x.com\/marcusosterberg"],"url":"https:\/\/vgrblogg.se\/utveckling\/author\/mosterberg\/"}]}},"_links":{"self":[{"href":"https:\/\/vgrblogg.se\/utveckling\/wp-json\/wp\/v2\/posts\/1323"}],"collection":[{"href":"https:\/\/vgrblogg.se\/utveckling\/wp-json\/wp\/v2\/posts"}],"about":[{"href":"https:\/\/vgrblogg.se\/utveckling\/wp-json\/wp\/v2\/types\/post"}],"author":[{"embeddable":true,"href":"https:\/\/vgrblogg.se\/utveckling\/wp-json\/wp\/v2\/users\/3"}],"replies":[{"embeddable":true,"href":"https:\/\/vgrblogg.se\/utveckling\/wp-json\/wp\/v2\/comments?post=1323"}],"version-history":[{"count":0,"href":"https:\/\/vgrblogg.se\/utveckling\/wp-json\/wp\/v2\/posts\/1323\/revisions"}],"wp:featuredmedia":[{"embeddable":true,"href":"https:\/\/vgrblogg.se\/utveckling\/wp-json\/wp\/v2\/media\/176"}],"wp:attachment":[{"href":"https:\/\/vgrblogg.se\/utveckling\/wp-json\/wp\/v2\/media?parent=1323"}],"wp:term":[{"taxonomy":"category","embeddable":true,"href":"https:\/\/vgrblogg.se\/utveckling\/wp-json\/wp\/v2\/categories?post=1323"},{"taxonomy":"post_tag","embeddable":true,"href":"https:\/\/vgrblogg.se\/utveckling\/wp-json\/wp\/v2\/tags?post=1323"}],"curies":[{"name":"wp","href":"https:\/\/api.w.org\/{rel}","templated":true}]}}