{"id":1462,"date":"2018-01-31T14:28:40","date_gmt":"2018-01-31T13:28:40","guid":{"rendered":"https:\/\/vgrblogg.se\/utveckling\/?p=1462"},"modified":"2018-01-31T14:28:41","modified_gmt":"2018-01-31T13:28:41","slug":"foljsamhet","status":"publish","type":"post","link":"https:\/\/vgrblogg.se\/utveckling\/2018\/01\/31\/foljsamhet\/","title":{"rendered":"Att l\u00e4ra snarare \u00e4n att uppn\u00e5 f\u00f6ljsamhet"},"content":{"rendered":"<p>Ska du g\u00f6ra som din l\u00e4kare s\u00e4ger \u00e5t dig, eller \u00e4r det v\u00e5rden som ska anpassa sig efter dina f\u00f6ruts\u00e4ttningar att uppn\u00e5 b\u00e4ttre h\u00e4lsa? Detta \u00e4r n\u00e5got som boken <a href=\"https:\/\/www.studentlitteratur.se\/#9789144047904\/Den+l\u00e4rande+patienten\">Den l\u00e4rande patienten<\/a> tar upp.<!--more--><\/p>\n<h2>G\u00f6r som du blir tillsagd k\u00e4ra patient!<\/h2>\n<p>Ordet f\u00f6ljsamhet (compliance p\u00e5 engelska) \u00e4r ursprungligen en term fr\u00e5n det milit\u00e4ra och har en hel del association med lydnad. Om man inte underkastar sig behandlingen eller slaviskt g\u00f6r som man blir tillsagd f\u00e5r man skulden och \u00e4r misslyckad.<\/p>\n<p>Inom v\u00e5rden har f\u00f6ljsamhet definierats som i vilken utstr\u00e4ckning en persons beteende sammanfaller med den medicinska ordinationen.<\/p>\n<p>Relationen mellan v\u00e5rdgivare och patient blir l\u00e4tt oj\u00e4mb\u00f6rdig om man f\u00f6ljer denna klassiska rollf\u00f6rdelning. Om v\u00e5rdgivaren ska instruera och patienten f\u00f6lja blir det per automatik skuldbel\u00e4ggande och en ansvarsf\u00f6rskjutning till patientens nackdel.<\/p>\n<h3>Var inte besv\u00e4rlig lilla du!<\/h3>\n<p>Ett talande exempel togs upp av Jadad, Rizo &amp; Enkin 2003 d\u00e5 en patient som sj\u00e4lv var l\u00e4kare skulle genomg\u00e5 en behandling. Patienten hade med sin fru. \u00e4ven hon l\u00e4kare. Ingen av dem sade emot n\u00e4r den behandlande l\u00e4karen gjorde ett uppenbart misstag som skulle medf\u00f6ra on\u00f6dig sm\u00e4rta. Vid en senare reflektion visste de inte riktigt varf\u00f6r de inte sa ifr\u00e5n. De spekulerade i om de valde att vara passiva och f\u00f6ljsamma f\u00f6r att inte upplevas som en besv\u00e4rlig patient. Kanske var de underd\u00e5niga den behandlande l\u00e4karens auktoritet i rollen?<\/p>\n<h3>Den goda patienten<\/h3>\n<p>F\u00f6r drygt tio \u00e5r sedan reflekterade studerande vid G\u00f6teborgs universitets sjukgymnastutbildning vad som kr\u00e4vs f\u00f6r att vara en \u201cgod patient\u201d. Listan tar upp 21 f\u00f6rslag, nedan \u00e4r ett axplock:<\/p>\n<ol start=\"1\">\n<li>Svarar p\u00e5 fr\u00e5gor \u00e4ven om intima saker.<\/li>\n<li>\u00c4r glad och engagerad.<\/li>\n<li>Beh\u00f6ver hj\u00e4lp.<\/li>\n<li>T\u00e5lmodig.<\/li>\n<li>Tillg\u00e4nglig.<\/li>\n<li>R\u00e4ttar sig efter personalens schema.<\/li>\n<li>R\u00f6ker inte, \u00e4r inte fet eller or\u00f6rlig, (miss)brukar inte alkohol.<\/li>\n<li>Kan kl\u00e4 av sig offentligt.<\/li>\n<li>Accepterar att bli v\u00e4rderad och bed\u00f6md.<\/li>\n<li>F\u00f6rst\u00e5r sitt eget b\u00e4sta, s\u00e5 som sjukv\u00e5rdspersonalen definierar det.<\/li>\n<\/ol>\n<p>Om b\u00e5da parter ska jobba mot samma m\u00e5l \u00e4r inst\u00e4llningen att patientens jobb \u00e4r att vara f\u00f6ljsam kontraproduktiv. Den som undrar ifall det finns evidens s\u00e5 \u00e4r svaret ja! Det \u00e4r ett hyggligt v\u00e4lstuderat \u00e4mne varf\u00f6r patienter inte g\u00f6r s\u00e5 som man vill fr\u00e5n medicinskt h\u00e5ll. Dock finns det inga utm\u00e4rkande karakt\u00e4rsdrag bland de med d\u00e5lig f\u00f6ljsamhet.<\/p>\n<h2>Vad \u00e4r ett l\u00e4mpligare begrepp \u00e4n \u201cf\u00f6ljsamhet\u201d?<\/h2>\n<p>Kanske att samarbete (co-operation eller collaboration) \u00e4r mer passande? I n\u00e5gon mening har man en gemensam utmaning att f\u00f6rs\u00f6ka \u00f6vervinna, \u00e5tminstone om man tycker att \u00e4ndam\u00e5let med v\u00e5rden \u00e4r att v\u00e5rda och bevara h\u00e4lsa.<\/p>\n<p>Andra begrepp som ovanst\u00e5ende n\u00e4mnd bok tar upp \u00e4r <i>terapeutisk allians<\/i>, <i>samst\u00e4mmighet<\/i> och <i>partnerskap<\/i>. Men kanske finns inget optimalt begrepp, kanske \u00e4r det inneb\u00f6rden av ett flertal, likt v\u00e4rdeord, som beh\u00f6vs f\u00f6r att man ska f\u00f6rst\u00e5.<\/p>\n<h2>Intern kultur sitter h\u00e5rt<\/h2>\n<p>L\u00e4kekonsten har sedan urminnes tider haft sv\u00e5righeter med hur man ser p\u00e5 patienten. Detta har bland annat Eric Topol tagit upp i sin bok <a href=\"https:\/\/vgrblogg.se\/utveckling\/2016\/05\/04\/patientutbildningar-i-massiv-skala\/\">The patient will see you now<\/a>. Vissa kallar v\u00e5rden f\u00f6r paternalistiskt, andra pekar p\u00e5 att l\u00e4karna har ett gudskomplex, men boken Den l\u00e4rande patienten n\u00e4mner det som ett misslyckande vid utbildningen f\u00f6r v\u00e5rdprofessionerna. Det \u00e4r tydligen inte helt ovanligt att det r\u00e5der taskig attityd mellan l\u00e4rare och elever. Jag k\u00e4nner ingen som bestridit detta (vilket stundtals \u00e4r ett \u00e4mne vid fikabordet p\u00e5 jobbet), snarare har jag h\u00f6rt gott om skr\u00e4ckhistorier via kollegor, i denna bok samt av v\u00e4nner som l\u00e4st till l\u00e4kare.<\/p>\n<p>Gemensamt f\u00f6r historierna \u00e4r en form av maktut\u00f6vning fr\u00e5n den som f\u00f6rv\u00e4ntas ha mest kunskap i \u00e4mnet, i pedagogiska sammanhang allts\u00e5 l\u00e4raren. Det boken tar upp som problem \u00e4r den attityd som \u00f6verf\u00f6rs mellan generationer av v\u00e5rdpersonal. Att man beh\u00f6ver framst\u00e5 som s\u00e4ker p\u00e5 sin sak \u00e4ven n\u00e4r man inte \u00e4r det.<\/p>\n<p>Redan de gamla grekerna, Hippokrates n\u00e4rmare best\u00e4mt, hade detta problem. S\u00e5 h\u00e4r beskrevs l\u00e4karen redan d\u00e5:<\/p>\n<blockquote><p>\u201c\u2026har frisk f\u00e4rg och gott hull. Ty folk anser att de som inte sj\u00e4lva har sin kropp i gott skick inte heller kan ta v\u00e4l hand om andra\u201d<br \/>\n\u2013 Johannisson (2004)<\/p><\/blockquote>\n<p>Man har sedan start haft en elitistisk syn p\u00e5 vad som f\u00f6rv\u00e4ntas av en l\u00e4kare. Under 1800-talet n\u00e4mndes att en l\u00e4kare beh\u00f6ver rena tankar och rena k\u00e4nslor. Det finns f\u00f6rst\u00e5s en f\u00f6rv\u00e4ntan \u00e4ven fr\u00e5n samh\u00e4llet p\u00e5 hur man \u00e4r som l\u00e4kare, men utbildningarna tycks vara mer extrema.<\/p>\n<h3>F\u00f6r\u00f6dande med f\u00f6r\u00f6dmjukelser i v\u00e5rdutbildning<\/h3>\n<p>Grunden till ett professionellt bem\u00f6tande, ledarskap och demonstration av r\u00e4tt attityd b\u00f6rjar i utbildningen. Vad h\u00e4nder om l\u00e4rare anv\u00e4nder f\u00f6r\u00f6dmjukande inslag i undervisningen? I USA gjordes en unders\u00f6kning och hela 80 % av medicinstuderande ans\u00e5g att de vid n\u00e5got tillf\u00e4lle blivit kr\u00e4nkta. Av dessa var kr\u00e4nkningen av \u201cmajor importance and very upsetting\u201d. Hela 16 % menade att kr\u00e4nkningen skulle p\u00e5verka dem f\u00f6r alla framtid.<\/p>\n<p>\u00c4r det illa? Ja, enligt Seabrook (2004a) \u00e4r den skam, blygsel och sj\u00e4lvf\u00f6rakt studenterna upplever i dessa situationer orsak till att de d\u00f6ljer s\u00e5dant de inte kan och att de blir r\u00e4dda att st\u00e4lla fr\u00e5gor om s\u00e5dant de inte f\u00f6rst\u00e5tt.<\/p>\n<blockquote><p>\u201cHe looked around the table, then his eyes zeroed in on me: \u201cYou, give me a differential diagnosis.\u201d My mouth went dry. What was I supposed to be able to say ? I&#8217;d never before even seen one of those things up close. I said, \u201cBrain tumor.\u201d He snapped back, \u201cNo shit!\u201d\u201d<br \/>\n\u2013 Stein (1990)<\/p><\/blockquote>\n<p>De flesta av oss vill nog inte ha en l\u00e4kare som aktivt d\u00f6ljer sina kunskapsbrister och r\u00e4ds st\u00e4lla fr\u00e5gor f\u00f6r att f\u00f6rst\u00e5.<\/p>\n<p>Haidet &amp; Stein (2006) listar den dolda l\u00e4rarplanen som s\u00e4kert bekr\u00e4ftar en och annan upplevelse patienter haft i kontakt med l\u00e4kare. Man noterade budskap under ett seminarium och fann f\u00f6ljande:<\/p>\n<ol start=\"1\">\n<li>L\u00e4kare g\u00f6r inte misstag, de m\u00e5ste vara perfekta.<\/li>\n<li>L\u00e4kare medger aldrig sina kunskapsluckor och att patientens sociala eller personliga problem \u00e4r inte en m\u00e5ls\u00e4ttning.<\/li>\n<li>Det \u00e4r ok att vara of\u00f6rsk\u00e4md om det du g\u00f6r \u00e4r viktigt.<\/li>\n<li>Att n\u00e4rvara under utbildning \u00e4r inte viktigt f\u00f6r att vara en framg\u00e5ngsrik student.<\/li>\n<li>Att kunna kommunicera \u00e4r visserligen bra, men inte s\u00e4rskilt viktigt.<\/li>\n<li>Medicin \u00e4r h\u00f6gre st\u00e5ende \u00e4n andra jobb.<\/li>\n<li>D\u00e5 f\u00e5r inte ifr\u00e5gas\u00e4tta l\u00e4kare som \u00e4r mer seniora \u00e4n du, sjuksk\u00f6terskor f\u00e5r inte ifr\u00e5gas\u00e4tta l\u00e4karen, samt att h\u00f6gspecialiserad v\u00e5rd \u00e4r b\u00e4ttre \u00e4n allm\u00e4nmedicin.<\/li>\n<\/ol>\n<h3>\u201cNu jobbar vi personcentrerat, och h\u00f6r sen!\u201d<\/h3>\n<p>\u00c4ven i de organisationer som h\u00f6gtidligt deklarerat att man t\u00e4nker jobba inkluderande med patienten kan samspelet bli sv\u00e5rt. Anledningen \u00e4r att det finns ett kontrollbehov inom v\u00e5rden, detta d\u00e5 det r\u00e5der en os\u00e4kerhet inf\u00f6r patientens f\u00f6rm\u00e5ga att fatta beslut om sin behandling och levnadss\u00e4tt som gynnar patientens h\u00e4lsa.<\/p>\n<p>Min forna arbetsplats, Sahlgrenska, har i sin v\u00e4rdegrund \u201ctillsammans f\u00f6r patienten, med patienten\u201d och andra sjukhus har v\u00e4rdegrunder med en liknande inneb\u00f6rd. Sahlgrenska po\u00e4ngterar ocks\u00e5 p\u00e5 sin webbplats att \u201cDu \u00e4r expert! Logga in och bidra till v\u00e5r webbplats\u201d och uppmuntrar alla att dela med sig av sina kunskaper &#8211; \u00e4ven patienter, d\u00e4r vissa s\u00e4kert \u00e4r <a href=\"https:\/\/sv.wikipedia.org\/wiki\/Spetspatient\">spetspatienter<\/a> som har expertkunskaper!<\/p>\n<p>Det \u00e4r f\u00f6rst\u00e5s bra n\u00e4r en organisation lyckas s\u00e4tta ord p\u00e5 n\u00e5got som pekar i en god riktning, men r\u00e4cker det till?<\/p>\n<h2>V\u00e5rdens pedagogik<\/h2>\n<p>L\u00f6sningen p\u00e5 denna utmaning \u00e4r inte uppenbar. Det kan vara individuella skillnader som avg\u00f6r vilket angreppss\u00e4tt som hj\u00e4lper. Det finns s\u00e4kert patienter som beh\u00f6ver den auktorit\u00e4ra v\u00e5rdpersonens f\u00f6rmanade ord f\u00f6r att bli frisk(are). Medan andra beh\u00f6ver tr\u00e4ffas i patientgrupper och snarare l\u00e4r sig av andra sjuka f\u00f6r att man inte accepterar auktoritet utan vidare.<\/p>\n<p>Forskning visar att patienter i regel \u00e4r mycket uppm\u00e4rksamma p\u00e5 budskap fr\u00e5n l\u00e4karen, saker som inte s\u00e4gs rakt ut, \u00e4ven kroppspr\u00e5k och agerande. Det finns allts\u00e5 ett mer oavsiktligt l\u00e4rande i m\u00f6tet med patienten.<\/p>\n<p>Att man som patient \u00e4r observant p\u00e5 v\u00e5rdpersonalens outtalade kommunikation. D\u00e4r lyser attityd och personens sammanhang igenom oavsett vad som s\u00e4gs. D\u00e4r blir datorn viktigare \u00e4n patienten om l\u00e4karen tvingas l\u00e4gga f\u00f6r mycket tid med fokus p\u00e5 sk\u00e4rmen. Ocks\u00e5 blir tiden viktigare \u00e4n \u00e4rendet om l\u00e4karen upplevs som j\u00e4ktad eller ger indikation p\u00e5 att man har en begr\u00e4nsad tid p\u00e5 att bli klara med m\u00f6tet.<\/p>\n<p>\u201cDu kan v\u00e4l komma tillbaka om du har ett k\u00f6tts\u00e5r, det h\u00e4r med stress \u00e4r inte mitt problem\u201d Parafras av l\u00e4karbes\u00f6k n\u00e4r jag gjort anstr\u00e4ngningen att upps\u00f6ka prim\u00e4rv\u00e5rden om sv\u00e5ra s\u00f6mnproblem, stress och allm\u00e4n oh\u00e4lsa. Jag kr\u00e4vde att f\u00e5 en annan l\u00e4kare. Den andra l\u00e4karen drack rakt ur en tv\u00e5liters Coca-cola han hade p\u00e5 bordet, lyssnade intensivt p\u00e5 mig, resonerade med mig och gav mig r\u00e5d jag fortfarande har nytta av nu tio \u00e5r senare. Tack f\u00f6r det!<\/p>\n<p>Hur t\u00e4nker du kring pedagogik inom v\u00e5rden?<\/p>\n","protected":false},"excerpt":{"rendered":"<p>Ska du g\u00f6ra som din l\u00e4kare s\u00e4ger \u00e5t dig, eller \u00e4r det v\u00e5rden som ska anpassa sig efter dina f\u00f6ruts\u00e4ttningar att uppn\u00e5 b\u00e4ttre h\u00e4lsa? Detta \u00e4r n\u00e5got som boken Den l\u00e4rande patienten tar upp.<\/p>\n","protected":false},"author":3,"featured_media":1464,"comment_status":"open","ping_status":"open","sticky":false,"template":"","format":"standard","meta":{"footnotes":""},"categories":[5],"tags":[744,140,743,745,746,748,747],"class_list":["post-1462","post","type-post","status-publish","format-standard","has-post-thumbnail","hentry","category-ideer","tag-compliance","tag-eric-topol","tag-foljsamhet","tag-goteborgs-universitet","tag-hippokrates","tag-pedagogik","tag-spetspatienter"],"yoast_head":"<!-- This site is optimized with the Yoast SEO plugin v25.6 - https:\/\/yoast.com\/wordpress\/plugins\/seo\/ -->\n<title>Att l\u00e4ra snarare \u00e4n att uppn\u00e5 f\u00f6ljsamhet &#8212; Utveckling i VGR<\/title>\n<meta name=\"robots\" content=\"index, follow, max-snippet:-1, max-image-preview:large, max-video-preview:-1\" \/>\n<link rel=\"canonical\" href=\"https:\/\/vgrblogg.se\/utveckling\/2018\/01\/31\/foljsamhet\/\" \/>\n<meta property=\"og:locale\" content=\"sv_SE\" \/>\n<meta property=\"og:type\" content=\"article\" \/>\n<meta property=\"og:title\" content=\"Att l\u00e4ra snarare \u00e4n att uppn\u00e5 f\u00f6ljsamhet &#8212; Utveckling i VGR\" \/>\n<meta property=\"og:description\" content=\"Ska du g\u00f6ra som din l\u00e4kare s\u00e4ger \u00e5t dig, eller \u00e4r det v\u00e5rden som ska anpassa sig efter dina f\u00f6ruts\u00e4ttningar att uppn\u00e5 b\u00e4ttre h\u00e4lsa? Detta \u00e4r n\u00e5got som boken Den l\u00e4rande patienten tar upp.\" \/>\n<meta property=\"og:url\" content=\"https:\/\/vgrblogg.se\/utveckling\/2018\/01\/31\/foljsamhet\/\" \/>\n<meta property=\"og:site_name\" content=\"Utveckling i VGR\" \/>\n<meta property=\"article:published_time\" content=\"2018-01-31T13:28:40+00:00\" \/>\n<meta property=\"article:modified_time\" content=\"2018-01-31T13:28:41+00:00\" \/>\n<meta property=\"og:image\" content=\"https:\/\/vgrblogg.se\/utveckling\/wp-content\/uploads\/sites\/3\/2018\/01\/medical-appointment-doctor-healthcare-40568-e1517405164693.jpeg\" \/>\n\t<meta property=\"og:image:width\" content=\"1200\" \/>\n\t<meta property=\"og:image:height\" content=\"690\" \/>\n\t<meta property=\"og:image:type\" content=\"image\/jpeg\" \/>\n<meta name=\"author\" content=\"Marcus \u00d6sterberg\" \/>\n<meta name=\"twitter:card\" content=\"summary_large_image\" \/>\n<meta name=\"twitter:creator\" content=\"@marcusosterberg\" \/>\n<meta name=\"twitter:label1\" content=\"Skriven av\" \/>\n\t<meta name=\"twitter:data1\" content=\"Marcus \u00d6sterberg\" \/>\n\t<meta name=\"twitter:label2\" content=\"Ber\u00e4knad l\u00e4stid\" \/>\n\t<meta name=\"twitter:data2\" content=\"8 minuter\" \/>\n<script type=\"application\/ld+json\" class=\"yoast-schema-graph\">{\"@context\":\"https:\/\/schema.org\",\"@graph\":[{\"@type\":\"Article\",\"@id\":\"https:\/\/vgrblogg.se\/utveckling\/2018\/01\/31\/foljsamhet\/#article\",\"isPartOf\":{\"@id\":\"https:\/\/vgrblogg.se\/utveckling\/2018\/01\/31\/foljsamhet\/\"},\"author\":{\"name\":\"Marcus \u00d6sterberg\",\"@id\":\"https:\/\/vgrblogg.se\/utveckling\/#\/schema\/person\/89521ab4d20982613661305cbdd5bc79\"},\"headline\":\"Att l\u00e4ra snarare \u00e4n att uppn\u00e5 f\u00f6ljsamhet\",\"datePublished\":\"2018-01-31T13:28:40+00:00\",\"dateModified\":\"2018-01-31T13:28:41+00:00\",\"mainEntityOfPage\":{\"@id\":\"https:\/\/vgrblogg.se\/utveckling\/2018\/01\/31\/foljsamhet\/\"},\"wordCount\":1678,\"commentCount\":0,\"publisher\":{\"@id\":\"https:\/\/vgrblogg.se\/utveckling\/#organization\"},\"image\":{\"@id\":\"https:\/\/vgrblogg.se\/utveckling\/2018\/01\/31\/foljsamhet\/#primaryimage\"},\"thumbnailUrl\":\"https:\/\/vgrblogg.se\/utveckling\/wp-content\/uploads\/sites\/3\/2018\/01\/medical-appointment-doctor-healthcare-40568-e1517405164693.jpeg\",\"keywords\":[\"Compliance\",\"Eric Topol\",\"F\u00f6ljsamhet\",\"G\u00f6teborgs universitet\",\"Hippokrates\",\"Pedagogik\",\"Spetspatienter\"],\"articleSection\":[\"Id\u00e9er\"],\"inLanguage\":\"sv-SE\",\"potentialAction\":[{\"@type\":\"CommentAction\",\"name\":\"Comment\",\"target\":[\"https:\/\/vgrblogg.se\/utveckling\/2018\/01\/31\/foljsamhet\/#respond\"]}]},{\"@type\":\"WebPage\",\"@id\":\"https:\/\/vgrblogg.se\/utveckling\/2018\/01\/31\/foljsamhet\/\",\"url\":\"https:\/\/vgrblogg.se\/utveckling\/2018\/01\/31\/foljsamhet\/\",\"name\":\"Att l\u00e4ra snarare \u00e4n att uppn\u00e5 f\u00f6ljsamhet &#8212; Utveckling i VGR\",\"isPartOf\":{\"@id\":\"https:\/\/vgrblogg.se\/utveckling\/#website\"},\"primaryImageOfPage\":{\"@id\":\"https:\/\/vgrblogg.se\/utveckling\/2018\/01\/31\/foljsamhet\/#primaryimage\"},\"image\":{\"@id\":\"https:\/\/vgrblogg.se\/utveckling\/2018\/01\/31\/foljsamhet\/#primaryimage\"},\"thumbnailUrl\":\"https:\/\/vgrblogg.se\/utveckling\/wp-content\/uploads\/sites\/3\/2018\/01\/medical-appointment-doctor-healthcare-40568-e1517405164693.jpeg\",\"datePublished\":\"2018-01-31T13:28:40+00:00\",\"dateModified\":\"2018-01-31T13:28:41+00:00\",\"breadcrumb\":{\"@id\":\"https:\/\/vgrblogg.se\/utveckling\/2018\/01\/31\/foljsamhet\/#breadcrumb\"},\"inLanguage\":\"sv-SE\",\"potentialAction\":[{\"@type\":\"ReadAction\",\"target\":[\"https:\/\/vgrblogg.se\/utveckling\/2018\/01\/31\/foljsamhet\/\"]}]},{\"@type\":\"ImageObject\",\"inLanguage\":\"sv-SE\",\"@id\":\"https:\/\/vgrblogg.se\/utveckling\/2018\/01\/31\/foljsamhet\/#primaryimage\",\"url\":\"https:\/\/vgrblogg.se\/utveckling\/wp-content\/uploads\/sites\/3\/2018\/01\/medical-appointment-doctor-healthcare-40568-e1517405164693.jpeg\",\"contentUrl\":\"https:\/\/vgrblogg.se\/utveckling\/wp-content\/uploads\/sites\/3\/2018\/01\/medical-appointment-doctor-healthcare-40568-e1517405164693.jpeg\",\"width\":1200,\"height\":690,\"caption\":\"Stetoskop\"},{\"@type\":\"BreadcrumbList\",\"@id\":\"https:\/\/vgrblogg.se\/utveckling\/2018\/01\/31\/foljsamhet\/#breadcrumb\",\"itemListElement\":[{\"@type\":\"ListItem\",\"position\":1,\"name\":\"Hem\",\"item\":\"https:\/\/vgrblogg.se\/utveckling\/\"},{\"@type\":\"ListItem\",\"position\":2,\"name\":\"Att l\u00e4ra snarare \u00e4n att uppn\u00e5 f\u00f6ljsamhet\"}]},{\"@type\":\"WebSite\",\"@id\":\"https:\/\/vgrblogg.se\/utveckling\/#website\",\"url\":\"https:\/\/vgrblogg.se\/utveckling\/\",\"name\":\"Utveckling i VGR\",\"description\":\"Inblick i utvecklingsarbetet inom VGR\",\"publisher\":{\"@id\":\"https:\/\/vgrblogg.se\/utveckling\/#organization\"},\"potentialAction\":[{\"@type\":\"SearchAction\",\"target\":{\"@type\":\"EntryPoint\",\"urlTemplate\":\"https:\/\/vgrblogg.se\/utveckling\/?s={search_term_string}\"},\"query-input\":{\"@type\":\"PropertyValueSpecification\",\"valueRequired\":true,\"valueName\":\"search_term_string\"}}],\"inLanguage\":\"sv-SE\"},{\"@type\":\"Organization\",\"@id\":\"https:\/\/vgrblogg.se\/utveckling\/#organization\",\"name\":\"Utveckling i VGR\",\"url\":\"https:\/\/vgrblogg.se\/utveckling\/\",\"logo\":{\"@type\":\"ImageObject\",\"inLanguage\":\"sv-SE\",\"@id\":\"https:\/\/vgrblogg.se\/utveckling\/#\/schema\/logo\/image\/\",\"url\":\"https:\/\/vgrblogg.se\/utveckling\/wp-content\/uploads\/sites\/3\/2018\/02\/cropped-logotype_color-1.png\",\"contentUrl\":\"https:\/\/vgrblogg.se\/utveckling\/wp-content\/uploads\/sites\/3\/2018\/02\/cropped-logotype_color-1.png\",\"width\":1234,\"height\":250,\"caption\":\"Utveckling i VGR\"},\"image\":{\"@id\":\"https:\/\/vgrblogg.se\/utveckling\/#\/schema\/logo\/image\/\"}},{\"@type\":\"Person\",\"@id\":\"https:\/\/vgrblogg.se\/utveckling\/#\/schema\/person\/89521ab4d20982613661305cbdd5bc79\",\"name\":\"Marcus \u00d6sterberg\",\"image\":{\"@type\":\"ImageObject\",\"inLanguage\":\"sv-SE\",\"@id\":\"https:\/\/vgrblogg.se\/utveckling\/#\/schema\/person\/image\/\",\"url\":\"https:\/\/secure.gravatar.com\/avatar\/3e009001c1a7e5183f24b2642fdbf63d?s=96&d=mm&r=g\",\"contentUrl\":\"https:\/\/secure.gravatar.com\/avatar\/3e009001c1a7e5183f24b2642fdbf63d?s=96&d=mm&r=g\",\"caption\":\"Marcus \u00d6sterberg\"},\"description\":\"Jobbade som utvecklings- och innovationsledare p\u00e5 V\u00e4stra G\u00f6talandsregionen, bl.a. p\u00e5 avdelningen V\u00e5rdens digitalisering, med expertis inom webbanalys och webbutveckling. Slutade 2022. F\u00f6rfattare till boken Webbstrategi f\u00f6r alla, samt Webbanalys - f\u00f6rst\u00e5 och f\u00f6rb\u00e4ttra anv\u00e4ndarnas upplevelse. Mer om Marcus \u00d6sterberg finns h\u00e4r.\",\"sameAs\":[\"https:\/\/marcusosterberg.se\",\"https:\/\/se.linkedin.com\/in\/marcusosterberg\",\"https:\/\/x.com\/marcusosterberg\"],\"url\":\"https:\/\/vgrblogg.se\/utveckling\/author\/mosterberg\/\"}]}<\/script>\n<!-- \/ Yoast SEO plugin. -->","yoast_head_json":{"title":"Att l\u00e4ra snarare \u00e4n att uppn\u00e5 f\u00f6ljsamhet &#8212; Utveckling i VGR","robots":{"index":"index","follow":"follow","max-snippet":"max-snippet:-1","max-image-preview":"max-image-preview:large","max-video-preview":"max-video-preview:-1"},"canonical":"https:\/\/vgrblogg.se\/utveckling\/2018\/01\/31\/foljsamhet\/","og_locale":"sv_SE","og_type":"article","og_title":"Att l\u00e4ra snarare \u00e4n att uppn\u00e5 f\u00f6ljsamhet &#8212; Utveckling i VGR","og_description":"Ska du g\u00f6ra som din l\u00e4kare s\u00e4ger \u00e5t dig, eller \u00e4r det v\u00e5rden som ska anpassa sig efter dina f\u00f6ruts\u00e4ttningar att uppn\u00e5 b\u00e4ttre h\u00e4lsa? Detta \u00e4r n\u00e5got som boken Den l\u00e4rande patienten tar upp.","og_url":"https:\/\/vgrblogg.se\/utveckling\/2018\/01\/31\/foljsamhet\/","og_site_name":"Utveckling i VGR","article_published_time":"2018-01-31T13:28:40+00:00","article_modified_time":"2018-01-31T13:28:41+00:00","og_image":[{"width":1200,"height":690,"url":"https:\/\/vgrblogg.se\/utveckling\/wp-content\/uploads\/sites\/3\/2018\/01\/medical-appointment-doctor-healthcare-40568-e1517405164693.jpeg","type":"image\/jpeg"}],"author":"Marcus \u00d6sterberg","twitter_card":"summary_large_image","twitter_creator":"@marcusosterberg","twitter_misc":{"Skriven av":"Marcus \u00d6sterberg","Ber\u00e4knad l\u00e4stid":"8 minuter"},"schema":{"@context":"https:\/\/schema.org","@graph":[{"@type":"Article","@id":"https:\/\/vgrblogg.se\/utveckling\/2018\/01\/31\/foljsamhet\/#article","isPartOf":{"@id":"https:\/\/vgrblogg.se\/utveckling\/2018\/01\/31\/foljsamhet\/"},"author":{"name":"Marcus \u00d6sterberg","@id":"https:\/\/vgrblogg.se\/utveckling\/#\/schema\/person\/89521ab4d20982613661305cbdd5bc79"},"headline":"Att l\u00e4ra snarare \u00e4n att uppn\u00e5 f\u00f6ljsamhet","datePublished":"2018-01-31T13:28:40+00:00","dateModified":"2018-01-31T13:28:41+00:00","mainEntityOfPage":{"@id":"https:\/\/vgrblogg.se\/utveckling\/2018\/01\/31\/foljsamhet\/"},"wordCount":1678,"commentCount":0,"publisher":{"@id":"https:\/\/vgrblogg.se\/utveckling\/#organization"},"image":{"@id":"https:\/\/vgrblogg.se\/utveckling\/2018\/01\/31\/foljsamhet\/#primaryimage"},"thumbnailUrl":"https:\/\/vgrblogg.se\/utveckling\/wp-content\/uploads\/sites\/3\/2018\/01\/medical-appointment-doctor-healthcare-40568-e1517405164693.jpeg","keywords":["Compliance","Eric Topol","F\u00f6ljsamhet","G\u00f6teborgs universitet","Hippokrates","Pedagogik","Spetspatienter"],"articleSection":["Id\u00e9er"],"inLanguage":"sv-SE","potentialAction":[{"@type":"CommentAction","name":"Comment","target":["https:\/\/vgrblogg.se\/utveckling\/2018\/01\/31\/foljsamhet\/#respond"]}]},{"@type":"WebPage","@id":"https:\/\/vgrblogg.se\/utveckling\/2018\/01\/31\/foljsamhet\/","url":"https:\/\/vgrblogg.se\/utveckling\/2018\/01\/31\/foljsamhet\/","name":"Att l\u00e4ra snarare \u00e4n att uppn\u00e5 f\u00f6ljsamhet &#8212; Utveckling i VGR","isPartOf":{"@id":"https:\/\/vgrblogg.se\/utveckling\/#website"},"primaryImageOfPage":{"@id":"https:\/\/vgrblogg.se\/utveckling\/2018\/01\/31\/foljsamhet\/#primaryimage"},"image":{"@id":"https:\/\/vgrblogg.se\/utveckling\/2018\/01\/31\/foljsamhet\/#primaryimage"},"thumbnailUrl":"https:\/\/vgrblogg.se\/utveckling\/wp-content\/uploads\/sites\/3\/2018\/01\/medical-appointment-doctor-healthcare-40568-e1517405164693.jpeg","datePublished":"2018-01-31T13:28:40+00:00","dateModified":"2018-01-31T13:28:41+00:00","breadcrumb":{"@id":"https:\/\/vgrblogg.se\/utveckling\/2018\/01\/31\/foljsamhet\/#breadcrumb"},"inLanguage":"sv-SE","potentialAction":[{"@type":"ReadAction","target":["https:\/\/vgrblogg.se\/utveckling\/2018\/01\/31\/foljsamhet\/"]}]},{"@type":"ImageObject","inLanguage":"sv-SE","@id":"https:\/\/vgrblogg.se\/utveckling\/2018\/01\/31\/foljsamhet\/#primaryimage","url":"https:\/\/vgrblogg.se\/utveckling\/wp-content\/uploads\/sites\/3\/2018\/01\/medical-appointment-doctor-healthcare-40568-e1517405164693.jpeg","contentUrl":"https:\/\/vgrblogg.se\/utveckling\/wp-content\/uploads\/sites\/3\/2018\/01\/medical-appointment-doctor-healthcare-40568-e1517405164693.jpeg","width":1200,"height":690,"caption":"Stetoskop"},{"@type":"BreadcrumbList","@id":"https:\/\/vgrblogg.se\/utveckling\/2018\/01\/31\/foljsamhet\/#breadcrumb","itemListElement":[{"@type":"ListItem","position":1,"name":"Hem","item":"https:\/\/vgrblogg.se\/utveckling\/"},{"@type":"ListItem","position":2,"name":"Att l\u00e4ra snarare \u00e4n att uppn\u00e5 f\u00f6ljsamhet"}]},{"@type":"WebSite","@id":"https:\/\/vgrblogg.se\/utveckling\/#website","url":"https:\/\/vgrblogg.se\/utveckling\/","name":"Utveckling i VGR","description":"Inblick i utvecklingsarbetet inom VGR","publisher":{"@id":"https:\/\/vgrblogg.se\/utveckling\/#organization"},"potentialAction":[{"@type":"SearchAction","target":{"@type":"EntryPoint","urlTemplate":"https:\/\/vgrblogg.se\/utveckling\/?s={search_term_string}"},"query-input":{"@type":"PropertyValueSpecification","valueRequired":true,"valueName":"search_term_string"}}],"inLanguage":"sv-SE"},{"@type":"Organization","@id":"https:\/\/vgrblogg.se\/utveckling\/#organization","name":"Utveckling i VGR","url":"https:\/\/vgrblogg.se\/utveckling\/","logo":{"@type":"ImageObject","inLanguage":"sv-SE","@id":"https:\/\/vgrblogg.se\/utveckling\/#\/schema\/logo\/image\/","url":"https:\/\/vgrblogg.se\/utveckling\/wp-content\/uploads\/sites\/3\/2018\/02\/cropped-logotype_color-1.png","contentUrl":"https:\/\/vgrblogg.se\/utveckling\/wp-content\/uploads\/sites\/3\/2018\/02\/cropped-logotype_color-1.png","width":1234,"height":250,"caption":"Utveckling i VGR"},"image":{"@id":"https:\/\/vgrblogg.se\/utveckling\/#\/schema\/logo\/image\/"}},{"@type":"Person","@id":"https:\/\/vgrblogg.se\/utveckling\/#\/schema\/person\/89521ab4d20982613661305cbdd5bc79","name":"Marcus \u00d6sterberg","image":{"@type":"ImageObject","inLanguage":"sv-SE","@id":"https:\/\/vgrblogg.se\/utveckling\/#\/schema\/person\/image\/","url":"https:\/\/secure.gravatar.com\/avatar\/3e009001c1a7e5183f24b2642fdbf63d?s=96&d=mm&r=g","contentUrl":"https:\/\/secure.gravatar.com\/avatar\/3e009001c1a7e5183f24b2642fdbf63d?s=96&d=mm&r=g","caption":"Marcus \u00d6sterberg"},"description":"Jobbade som utvecklings- och innovationsledare p\u00e5 V\u00e4stra G\u00f6talandsregionen, bl.a. p\u00e5 avdelningen V\u00e5rdens digitalisering, med expertis inom webbanalys och webbutveckling. Slutade 2022. F\u00f6rfattare till boken Webbstrategi f\u00f6r alla, samt Webbanalys - f\u00f6rst\u00e5 och f\u00f6rb\u00e4ttra anv\u00e4ndarnas upplevelse. Mer om Marcus \u00d6sterberg finns h\u00e4r.","sameAs":["https:\/\/marcusosterberg.se","https:\/\/se.linkedin.com\/in\/marcusosterberg","https:\/\/x.com\/marcusosterberg"],"url":"https:\/\/vgrblogg.se\/utveckling\/author\/mosterberg\/"}]}},"_links":{"self":[{"href":"https:\/\/vgrblogg.se\/utveckling\/wp-json\/wp\/v2\/posts\/1462"}],"collection":[{"href":"https:\/\/vgrblogg.se\/utveckling\/wp-json\/wp\/v2\/posts"}],"about":[{"href":"https:\/\/vgrblogg.se\/utveckling\/wp-json\/wp\/v2\/types\/post"}],"author":[{"embeddable":true,"href":"https:\/\/vgrblogg.se\/utveckling\/wp-json\/wp\/v2\/users\/3"}],"replies":[{"embeddable":true,"href":"https:\/\/vgrblogg.se\/utveckling\/wp-json\/wp\/v2\/comments?post=1462"}],"version-history":[{"count":1,"href":"https:\/\/vgrblogg.se\/utveckling\/wp-json\/wp\/v2\/posts\/1462\/revisions"}],"predecessor-version":[{"id":1463,"href":"https:\/\/vgrblogg.se\/utveckling\/wp-json\/wp\/v2\/posts\/1462\/revisions\/1463"}],"wp:featuredmedia":[{"embeddable":true,"href":"https:\/\/vgrblogg.se\/utveckling\/wp-json\/wp\/v2\/media\/1464"}],"wp:attachment":[{"href":"https:\/\/vgrblogg.se\/utveckling\/wp-json\/wp\/v2\/media?parent=1462"}],"wp:term":[{"taxonomy":"category","embeddable":true,"href":"https:\/\/vgrblogg.se\/utveckling\/wp-json\/wp\/v2\/categories?post=1462"},{"taxonomy":"post_tag","embeddable":true,"href":"https:\/\/vgrblogg.se\/utveckling\/wp-json\/wp\/v2\/tags?post=1462"}],"curies":[{"name":"wp","href":"https:\/\/api.w.org\/{rel}","templated":true}]}}