{"id":1929,"date":"2019-01-31T23:32:01","date_gmt":"2019-01-31T22:32:01","guid":{"rendered":"https:\/\/vgrblogg.se\/utveckling\/?p=1929"},"modified":"2019-01-31T23:40:00","modified_gmt":"2019-01-31T22:40:00","slug":"anteckningar-fran-ai-business-summit-2019","status":"publish","type":"post","link":"https:\/\/vgrblogg.se\/utveckling\/2019\/01\/31\/anteckningar-fran-ai-business-summit-2019\/","title":{"rendered":"Anteckningar fr\u00e5n AI Business Summit 2019"},"content":{"rendered":"<p>Konferensen\u00a0<a href=\"http:\/\/aisummit2019.nowbiz.se\">AI Business Summit 2019<\/a>\u00a0arrangerades 30 januari i Stockholm. H\u00e4r f\u00f6ljer det jag tyckte var v\u00e4rt att anteckna och egna reflektioner. Kanske inte direkt objektivt med tanke p\u00e5 att jag prim\u00e4rt var uppm\u00e4rksam p\u00e5 s\u00e5nt jag kan ha nytta av <a href=\"https:\/\/vgrblogg.se\/utveckling\/2019\/01\/15\/strategisk-ai\/\">i mitt Swelife-uppdrag<\/a> samt med en n\u00e5got skeptisk inst\u00e4llning p\u00e5 f\u00f6rhand om det skulle bli en massa hajpsnack eller ocks\u00e5 anv\u00e4ndbara och konkreta grejer. Well, det var lite hajpsnack jag h\u00f6rt till leda, som att &#8221;nu \u00e4r det br\u00e5ttom, kolla p\u00e5 Amazon&#8221; men ocks\u00e5 en massa matnyttigt om alla initiativ runt landet.<\/p>\n<p>Men m\u00e5nga av de jag talade med i pauserna hade ganska nyss f\u00e5tt det h\u00e4r med AI p\u00e5 sitt bord, s\u00e5 d\u00e5 l\u00e4r mycket av det jag \u00e4r tr\u00f6tt p\u00e5 att h\u00f6ra ha en annan fr\u00e4sch\u00f6r \ud83d\ude42<!--more--><\/p>\n<p>Jag missade dessv\u00e4rre Christan Guttmanns inledning av dagen.<\/p>\n<h2>Demokratiserad AI, svenskar och robotar (Conny Svensson, CGI)<\/h2>\n<p><iframe loading=\"lazy\" title=\"Southpark - They Took Our Jobs!!!!!!!!!!!!!!!!!!!!!!!!!!!!!!!!!!!\" width=\"525\" height=\"394\" src=\"https:\/\/www.youtube.com\/embed\/toL1tXrLA1c?feature=oembed\" frameborder=\"0\" allow=\"accelerometer; autoplay; clipboard-write; encrypted-media; gyroscope; picture-in-picture; web-share\" referrerpolicy=\"strict-origin-when-cross-origin\" allowfullscreen><\/iframe><\/p>\n<p>South Park-referensen \u201cThey took our jobs\u201d \u00e4r inte ett problem i alla branscher, AI:n kommer inte ta v\u00e5ra jobb. Exempelvis inom v\u00e5rd och omsorg \u00e4r det snarare brist p\u00e5 arbetskraft och en utmaning med en \u00e5ldrande befolkning \u00e4r visserligen vem som ska betala skatt, men ocks\u00e5 vem som ska jobba med kommunal service och omsorg.<\/p>\n<p>Om det nu \u00e4r s\u00e5 stor potential i AI beh\u00f6ver vi g\u00f6ra det mer tillg\u00e4ngligt f\u00f6r fler och mer f\u00f6rst\u00e5eligt f\u00f6r vanligt folk. Annars bygger vi nya klyftor i samh\u00e4llet. Men hur bygger vi tillit och transparens n\u00e4r det g\u00e4ller AI?<\/p>\n<p>AutoML &#8211; Googles satsning p\u00e5 att lite ers\u00e4tta data scientists d\u00e4r AI f\u00f6rs\u00f6ker l\u00f6sa bristen p\u00e5 data scientists.<\/p>\n<p>Beh\u00f6ver vi ett datork\u00f6rkort f\u00f6r AI, d\u00e4r stora delar av svenska folket l\u00e4r sig grunderna? Misslyckades sj\u00e4lv med datork\u00f6rkortet p\u00e5 90-talet, om jag minns r\u00e4tt visste jag inte om den omst\u00e4ndligaste v\u00e4gen att t\u00f6mma papperskorgen i Windows 98. Sen att jag haft en dator med annat operativsystem sedan mellanstadiet hj\u00e4lpte f\u00f6ga.<\/p>\n<p>Conny visade exempel p\u00e5 hur computer vision g\u00e5r bort sig. Exempelvis om man s\u00e4tter ett klisterm\u00e4rke bredvid ett objekt den ska klassificera. Nu f\u00e5r du i uppdrag att kolla p\u00e5 alla stoppskyltar i trafiken. Hittar du n\u00e5gra med klisterm\u00e4rken?<\/p>\n<h3>Bias<\/h3>\n<p>AI \u00e4r mycket b\u00e4ttre p\u00e5 att k\u00e4nna igen en vit man j\u00e4mf\u00f6rt med en svart kvinna. Man kan beh\u00f6va sina egna dataset som speglar den variation man f\u00f6rv\u00e4ntar sig.<\/p>\n<p>F\u00f6rr eller senare kommer m\u00e4nniskor att f\u00f6rbjudas att k\u00f6ra bil. N\u00e4r de autonoma fordonen \u00e4r mycket b\u00e4ttre \u00e4n m\u00e4nniskor kommer det vara omoraliskt att m\u00e4nniskor framf\u00f6r ett fordon.<\/p>\n<h2>AI forskning skapar m\u00f6jligheter &#8211; Wallenberg AI, Autonomous Systems and Software Program (WASP) Fredrik Heintz<\/h2>\n<p>Fokus bland annat p\u00e5:<\/p>\n<ul>\n<li>Sekventiellt beslutstagande och reinforcement learning.<\/li>\n<li>Representation learning and grounding<\/li>\n<li>Sm\u00e5 dataset, med st\u00f6d av GAN<\/li>\n<\/ul>\n<p>Det byggs nu upp en svensk infrastruktur f\u00f6r AI. Det \u00e4r sv\u00e5rt att komma \u00f6ver den ber\u00e4kningskraft som beh\u00f6vs f\u00f6r att tr\u00e4na p\u00e5 riktigt stora datam\u00e4ngder.<\/p>\n<p>Det fanns ingen kapacitet f\u00f6r hajpen den h\u00e4r g\u00e5ngen. Folk som brydde sig om AI under hajpen p\u00e5 1990-talet var till viss del inte kvar i branschen eller Sverige.\u00a0Europa \u00e4r tydligen en nettoexport\u00f6r av AI-kompetens.<\/p>\n<h3>Taktiker att bygga kompetens<\/h3>\n<p>D\u00e5 det \u00e4r r\u00e4tt hoppl\u00f6st att rekrytera n\u00e5gon som \u00e4r perfekt f\u00f6r det man beh\u00f6ver s\u00e5 \u00e4r en strategi att ta den b\u00e4sta man har eller kan f\u00e5 tag p\u00e5 och vidareutbilda dem.<\/p>\n<p>Genom att sl\u00e4ppa sina dataset kan man f\u00e5 andra att jobba p\u00e5 ens egna problem (t\u00e4nk <a href=\"https:\/\/www.kaggle.com\/\">Kaggle<\/a> mfl).<\/p>\n<p>Google och andra sl\u00e4pper ocks\u00e5 sina ramverk (TensorFlow, Facebook med sin Prophet mfl) s\u00e5 omv\u00e4rlden l\u00e4r sig deras tekniker och blir mer anst\u00e4llningsbara.<\/p>\n<p>EU:s strategi handlar inte om att komma ikapp utan om att hitta v\u00e5r egen nisch. Human-centered AI, typ.<\/p>\n<p>Fredrik pekar p\u00e5 sv\u00e5righeten att fr\u00e5ga (kundunders\u00f6kning) vad de vill ha. De kommer svara att det b\u00e4sta var f\u00f6r tv\u00e5 \u00e5r sedan, att de helst har en snabbare h\u00e4st snarare \u00e4n en bil, etc.<\/p>\n<h2>Att tillvarata m\u00f6jligheter och hantera risker \u2013 Policyinitiativ inom AI i Sverige och internationellt (Johan Harvard, N\u00e4ringsdepartementet)<\/h2>\n<p>I m\u00e5nga fall \u00e4r AI:n dyrare \u00e4n alternativen och st\u00e4ller andra krav, men potentialen \u00e4r ocks\u00e5 st\u00f6rre. Sv\u00e5rt att veta hur bra den kommer att prestera p\u00e5 f\u00f6rhand.<\/p>\n<p>Styrkor f\u00f6r Sveriges AI-f\u00f6rm\u00e5ga:<\/p>\n<ul>\n<li>Digitaliseringsgrad<\/li>\n<li>Kompetensbas<\/li>\n<li>AI-patent<\/li>\n<li>N\u00e4ringslivet<\/li>\n<\/ul>\n<p>Svagheter:<\/p>\n<ul>\n<li>AI-forskning<\/li>\n<li>Forskningsprioriteringar<\/li>\n<li>Vidareutbildning inom AI &#8211; finns dock satsningen <a href=\"https:\/\/ai-competence.se\/\">AI Competence for Sweden<\/a>\u00a0som \u00e4r opartiska och kompletterar d\u00e4rf\u00f6r n\u00e4ringslivet.<\/li>\n<li>Offentlig verksamhet<\/li>\n<\/ul>\n<p>Nationella inriktningen \u00e4r att tillvarata m\u00f6jligheterna med AI.<\/p>\n<h2>AI-juridiken \u2013 att t\u00e4nka p\u00e5 (Agnes Hammarstrand)<\/h2>\n<p>Privacy by Design (GDPR) \u00e4r v\u00e4l det mest applicerbara f\u00f6r life science, \u00e5tminstone om man t\u00e4nker kring personuppgifter.<\/p>\n<p>Finns tydligen lite undantag kring upphovsr\u00e4tt n\u00e4r det g\u00e4ller AI.<\/p>\n<h2>S\u00e5 kan AI p\u00e5verka arbetsprocesser och l\u00e4rande &#8211; nya aff\u00e4rsm\u00f6jligheter uppst\u00e5r i en bransch i snabb f\u00f6r\u00e4ndring (Bo Kristoffersson)<\/h2>\n<p>En eye-tracker som kollar var \u00f6gonen jobbar i en text f\u00f6r att se tecken p\u00e5 l\u00e4ssv\u00e5righeter.<\/p>\n<p>Kolla in p\u00e5\u00a0<a href=\"https:\/\/www.lexplore.se\/\">lexplore.se<\/a><\/p>\n<h2>L\u00e4s mer<\/h2>\n<ul>\n<li><a href=\"https:\/\/www.uminovainnovation.se\/nyheter\/ai-starker-foretagens-affarer\/\">Uminova Innovation skriver om konferensen<\/a><\/li>\n<li><a href=\"http:\/\/www.sais.se\/\">Svenska AI-s\u00e4llskapet<\/a><\/li>\n<li><a href=\"http:\/\/wasp-sweden.se\/\">Wallenberg ASP<\/a><\/li>\n<\/ul>\n","protected":false},"excerpt":{"rendered":"<p>Konferensen\u00a0AI Business Summit 2019\u00a0arrangerades 30 januari i Stockholm. H\u00e4r f\u00f6ljer det jag tyckte var v\u00e4rt att anteckna och egna reflektioner. Kanske inte direkt objektivt med tanke p\u00e5 att jag prim\u00e4rt var uppm\u00e4rksam p\u00e5 s\u00e5nt jag kan ha nytta av i mitt Swelife-uppdrag samt med en n\u00e5got skeptisk inst\u00e4llning p\u00e5 f\u00f6rhand om det skulle bli en &hellip; <\/p>\n<p class=\"link-more\"><a href=\"https:\/\/vgrblogg.se\/utveckling\/2019\/01\/31\/anteckningar-fran-ai-business-summit-2019\/\" class=\"more-link\">Forts\u00e4tt l\u00e4sa<span class=\"screen-reader-text\"> \u201dAnteckningar fr\u00e5n AI Business Summit 2019\u201d<\/span><\/a><\/p>\n","protected":false},"author":3,"featured_media":1931,"comment_status":"open","ping_status":"open","sticky":false,"template":"","format":"standard","meta":{"footnotes":""},"categories":[6],"tags":[980,47,981],"class_list":["post-1929","post","type-post","status-publish","format-standard","has-post-thumbnail","hentry","category-innovation","tag-ai-korkort","tag-artificiell-intelligens-ai","tag-wasp"],"yoast_head":"<!-- This site is optimized with the Yoast SEO plugin v25.6 - https:\/\/yoast.com\/wordpress\/plugins\/seo\/ -->\n<title>Anteckningar fr\u00e5n AI Business Summit 2019 &#8212; Utveckling i VGR<\/title>\n<meta name=\"robots\" content=\"index, follow, max-snippet:-1, max-image-preview:large, max-video-preview:-1\" \/>\n<link rel=\"canonical\" href=\"https:\/\/vgrblogg.se\/utveckling\/2019\/01\/31\/anteckningar-fran-ai-business-summit-2019\/\" \/>\n<meta property=\"og:locale\" content=\"sv_SE\" \/>\n<meta property=\"og:type\" content=\"article\" \/>\n<meta property=\"og:title\" content=\"Anteckningar fr\u00e5n AI Business Summit 2019 &#8212; Utveckling i VGR\" \/>\n<meta property=\"og:description\" content=\"Konferensen\u00a0AI Business Summit 2019\u00a0arrangerades 30 januari i Stockholm. H\u00e4r f\u00f6ljer det jag tyckte var v\u00e4rt att anteckna och egna reflektioner. Kanske inte direkt objektivt med tanke p\u00e5 att jag prim\u00e4rt var uppm\u00e4rksam p\u00e5 s\u00e5nt jag kan ha nytta av i mitt Swelife-uppdrag samt med en n\u00e5got skeptisk inst\u00e4llning p\u00e5 f\u00f6rhand om det skulle bli en &hellip; Forts\u00e4tt l\u00e4sa \u201dAnteckningar fr\u00e5n AI Business Summit 2019\u201d\" \/>\n<meta property=\"og:url\" content=\"https:\/\/vgrblogg.se\/utveckling\/2019\/01\/31\/anteckningar-fran-ai-business-summit-2019\/\" \/>\n<meta property=\"og:site_name\" content=\"Utveckling i VGR\" \/>\n<meta property=\"article:published_time\" content=\"2019-01-31T22:32:01+00:00\" \/>\n<meta property=\"article:modified_time\" content=\"2019-01-31T22:40:00+00:00\" \/>\n<meta property=\"og:image\" content=\"https:\/\/vgrblogg.se\/utveckling\/wp-content\/uploads\/sites\/3\/2019\/01\/ai-business-summit.jpg\" \/>\n\t<meta property=\"og:image:width\" content=\"1200\" \/>\n\t<meta property=\"og:image:height\" content=\"600\" \/>\n\t<meta property=\"og:image:type\" content=\"image\/jpeg\" \/>\n<meta name=\"author\" content=\"Marcus \u00d6sterberg\" \/>\n<meta name=\"twitter:card\" content=\"summary_large_image\" \/>\n<meta name=\"twitter:creator\" content=\"@marcusosterberg\" \/>\n<meta name=\"twitter:label1\" content=\"Skriven av\" \/>\n\t<meta name=\"twitter:data1\" content=\"Marcus \u00d6sterberg\" \/>\n\t<meta name=\"twitter:label2\" content=\"Ber\u00e4knad l\u00e4stid\" \/>\n\t<meta name=\"twitter:data2\" content=\"5 minuter\" \/>\n<script type=\"application\/ld+json\" class=\"yoast-schema-graph\">{\"@context\":\"https:\/\/schema.org\",\"@graph\":[{\"@type\":\"Article\",\"@id\":\"https:\/\/vgrblogg.se\/utveckling\/2019\/01\/31\/anteckningar-fran-ai-business-summit-2019\/#article\",\"isPartOf\":{\"@id\":\"https:\/\/vgrblogg.se\/utveckling\/2019\/01\/31\/anteckningar-fran-ai-business-summit-2019\/\"},\"author\":{\"name\":\"Marcus \u00d6sterberg\",\"@id\":\"https:\/\/vgrblogg.se\/utveckling\/#\/schema\/person\/89521ab4d20982613661305cbdd5bc79\"},\"headline\":\"Anteckningar fr\u00e5n AI Business Summit 2019\",\"datePublished\":\"2019-01-31T22:32:01+00:00\",\"dateModified\":\"2019-01-31T22:40:00+00:00\",\"mainEntityOfPage\":{\"@id\":\"https:\/\/vgrblogg.se\/utveckling\/2019\/01\/31\/anteckningar-fran-ai-business-summit-2019\/\"},\"wordCount\":957,\"commentCount\":0,\"publisher\":{\"@id\":\"https:\/\/vgrblogg.se\/utveckling\/#organization\"},\"image\":{\"@id\":\"https:\/\/vgrblogg.se\/utveckling\/2019\/01\/31\/anteckningar-fran-ai-business-summit-2019\/#primaryimage\"},\"thumbnailUrl\":\"https:\/\/vgrblogg.se\/utveckling\/wp-content\/uploads\/sites\/3\/2019\/01\/ai-business-summit.jpg\",\"keywords\":[\"AI-k\u00f6rkort\",\"Artificiell Intelligens (AI)\",\"WASP\"],\"articleSection\":[\"Innovation\"],\"inLanguage\":\"sv-SE\",\"potentialAction\":[{\"@type\":\"CommentAction\",\"name\":\"Comment\",\"target\":[\"https:\/\/vgrblogg.se\/utveckling\/2019\/01\/31\/anteckningar-fran-ai-business-summit-2019\/#respond\"]}]},{\"@type\":\"WebPage\",\"@id\":\"https:\/\/vgrblogg.se\/utveckling\/2019\/01\/31\/anteckningar-fran-ai-business-summit-2019\/\",\"url\":\"https:\/\/vgrblogg.se\/utveckling\/2019\/01\/31\/anteckningar-fran-ai-business-summit-2019\/\",\"name\":\"Anteckningar fr\u00e5n AI Business Summit 2019 &#8212; Utveckling i VGR\",\"isPartOf\":{\"@id\":\"https:\/\/vgrblogg.se\/utveckling\/#website\"},\"primaryImageOfPage\":{\"@id\":\"https:\/\/vgrblogg.se\/utveckling\/2019\/01\/31\/anteckningar-fran-ai-business-summit-2019\/#primaryimage\"},\"image\":{\"@id\":\"https:\/\/vgrblogg.se\/utveckling\/2019\/01\/31\/anteckningar-fran-ai-business-summit-2019\/#primaryimage\"},\"thumbnailUrl\":\"https:\/\/vgrblogg.se\/utveckling\/wp-content\/uploads\/sites\/3\/2019\/01\/ai-business-summit.jpg\",\"datePublished\":\"2019-01-31T22:32:01+00:00\",\"dateModified\":\"2019-01-31T22:40:00+00:00\",\"breadcrumb\":{\"@id\":\"https:\/\/vgrblogg.se\/utveckling\/2019\/01\/31\/anteckningar-fran-ai-business-summit-2019\/#breadcrumb\"},\"inLanguage\":\"sv-SE\",\"potentialAction\":[{\"@type\":\"ReadAction\",\"target\":[\"https:\/\/vgrblogg.se\/utveckling\/2019\/01\/31\/anteckningar-fran-ai-business-summit-2019\/\"]}]},{\"@type\":\"ImageObject\",\"inLanguage\":\"sv-SE\",\"@id\":\"https:\/\/vgrblogg.se\/utveckling\/2019\/01\/31\/anteckningar-fran-ai-business-summit-2019\/#primaryimage\",\"url\":\"https:\/\/vgrblogg.se\/utveckling\/wp-content\/uploads\/sites\/3\/2019\/01\/ai-business-summit.jpg\",\"contentUrl\":\"https:\/\/vgrblogg.se\/utveckling\/wp-content\/uploads\/sites\/3\/2019\/01\/ai-business-summit.jpg\",\"width\":1200,\"height\":600,\"caption\":\"AI Business Summit\"},{\"@type\":\"BreadcrumbList\",\"@id\":\"https:\/\/vgrblogg.se\/utveckling\/2019\/01\/31\/anteckningar-fran-ai-business-summit-2019\/#breadcrumb\",\"itemListElement\":[{\"@type\":\"ListItem\",\"position\":1,\"name\":\"Hem\",\"item\":\"https:\/\/vgrblogg.se\/utveckling\/\"},{\"@type\":\"ListItem\",\"position\":2,\"name\":\"Anteckningar fr\u00e5n AI Business Summit 2019\"}]},{\"@type\":\"WebSite\",\"@id\":\"https:\/\/vgrblogg.se\/utveckling\/#website\",\"url\":\"https:\/\/vgrblogg.se\/utveckling\/\",\"name\":\"Utveckling i VGR\",\"description\":\"Inblick i utvecklingsarbetet inom VGR\",\"publisher\":{\"@id\":\"https:\/\/vgrblogg.se\/utveckling\/#organization\"},\"potentialAction\":[{\"@type\":\"SearchAction\",\"target\":{\"@type\":\"EntryPoint\",\"urlTemplate\":\"https:\/\/vgrblogg.se\/utveckling\/?s={search_term_string}\"},\"query-input\":{\"@type\":\"PropertyValueSpecification\",\"valueRequired\":true,\"valueName\":\"search_term_string\"}}],\"inLanguage\":\"sv-SE\"},{\"@type\":\"Organization\",\"@id\":\"https:\/\/vgrblogg.se\/utveckling\/#organization\",\"name\":\"Utveckling i VGR\",\"url\":\"https:\/\/vgrblogg.se\/utveckling\/\",\"logo\":{\"@type\":\"ImageObject\",\"inLanguage\":\"sv-SE\",\"@id\":\"https:\/\/vgrblogg.se\/utveckling\/#\/schema\/logo\/image\/\",\"url\":\"https:\/\/vgrblogg.se\/utveckling\/wp-content\/uploads\/sites\/3\/2018\/02\/cropped-logotype_color-1.png\",\"contentUrl\":\"https:\/\/vgrblogg.se\/utveckling\/wp-content\/uploads\/sites\/3\/2018\/02\/cropped-logotype_color-1.png\",\"width\":1234,\"height\":250,\"caption\":\"Utveckling i VGR\"},\"image\":{\"@id\":\"https:\/\/vgrblogg.se\/utveckling\/#\/schema\/logo\/image\/\"}},{\"@type\":\"Person\",\"@id\":\"https:\/\/vgrblogg.se\/utveckling\/#\/schema\/person\/89521ab4d20982613661305cbdd5bc79\",\"name\":\"Marcus \u00d6sterberg\",\"image\":{\"@type\":\"ImageObject\",\"inLanguage\":\"sv-SE\",\"@id\":\"https:\/\/vgrblogg.se\/utveckling\/#\/schema\/person\/image\/\",\"url\":\"https:\/\/secure.gravatar.com\/avatar\/3e009001c1a7e5183f24b2642fdbf63d?s=96&d=mm&r=g\",\"contentUrl\":\"https:\/\/secure.gravatar.com\/avatar\/3e009001c1a7e5183f24b2642fdbf63d?s=96&d=mm&r=g\",\"caption\":\"Marcus \u00d6sterberg\"},\"description\":\"Jobbade som utvecklings- och innovationsledare p\u00e5 V\u00e4stra G\u00f6talandsregionen, bl.a. p\u00e5 avdelningen V\u00e5rdens digitalisering, med expertis inom webbanalys och webbutveckling. Slutade 2022. F\u00f6rfattare till boken Webbstrategi f\u00f6r alla, samt Webbanalys - f\u00f6rst\u00e5 och f\u00f6rb\u00e4ttra anv\u00e4ndarnas upplevelse. Mer om Marcus \u00d6sterberg finns h\u00e4r.\",\"sameAs\":[\"https:\/\/marcusosterberg.se\",\"https:\/\/se.linkedin.com\/in\/marcusosterberg\",\"https:\/\/x.com\/marcusosterberg\"],\"url\":\"https:\/\/vgrblogg.se\/utveckling\/author\/mosterberg\/\"}]}<\/script>\n<!-- \/ Yoast SEO plugin. -->","yoast_head_json":{"title":"Anteckningar fr\u00e5n AI Business Summit 2019 &#8212; Utveckling i VGR","robots":{"index":"index","follow":"follow","max-snippet":"max-snippet:-1","max-image-preview":"max-image-preview:large","max-video-preview":"max-video-preview:-1"},"canonical":"https:\/\/vgrblogg.se\/utveckling\/2019\/01\/31\/anteckningar-fran-ai-business-summit-2019\/","og_locale":"sv_SE","og_type":"article","og_title":"Anteckningar fr\u00e5n AI Business Summit 2019 &#8212; Utveckling i VGR","og_description":"Konferensen\u00a0AI Business Summit 2019\u00a0arrangerades 30 januari i Stockholm. H\u00e4r f\u00f6ljer det jag tyckte var v\u00e4rt att anteckna och egna reflektioner. Kanske inte direkt objektivt med tanke p\u00e5 att jag prim\u00e4rt var uppm\u00e4rksam p\u00e5 s\u00e5nt jag kan ha nytta av i mitt Swelife-uppdrag samt med en n\u00e5got skeptisk inst\u00e4llning p\u00e5 f\u00f6rhand om det skulle bli en &hellip; Forts\u00e4tt l\u00e4sa \u201dAnteckningar fr\u00e5n AI Business Summit 2019\u201d","og_url":"https:\/\/vgrblogg.se\/utveckling\/2019\/01\/31\/anteckningar-fran-ai-business-summit-2019\/","og_site_name":"Utveckling i VGR","article_published_time":"2019-01-31T22:32:01+00:00","article_modified_time":"2019-01-31T22:40:00+00:00","og_image":[{"width":1200,"height":600,"url":"https:\/\/vgrblogg.se\/utveckling\/wp-content\/uploads\/sites\/3\/2019\/01\/ai-business-summit.jpg","type":"image\/jpeg"}],"author":"Marcus \u00d6sterberg","twitter_card":"summary_large_image","twitter_creator":"@marcusosterberg","twitter_misc":{"Skriven av":"Marcus \u00d6sterberg","Ber\u00e4knad l\u00e4stid":"5 minuter"},"schema":{"@context":"https:\/\/schema.org","@graph":[{"@type":"Article","@id":"https:\/\/vgrblogg.se\/utveckling\/2019\/01\/31\/anteckningar-fran-ai-business-summit-2019\/#article","isPartOf":{"@id":"https:\/\/vgrblogg.se\/utveckling\/2019\/01\/31\/anteckningar-fran-ai-business-summit-2019\/"},"author":{"name":"Marcus \u00d6sterberg","@id":"https:\/\/vgrblogg.se\/utveckling\/#\/schema\/person\/89521ab4d20982613661305cbdd5bc79"},"headline":"Anteckningar fr\u00e5n AI Business Summit 2019","datePublished":"2019-01-31T22:32:01+00:00","dateModified":"2019-01-31T22:40:00+00:00","mainEntityOfPage":{"@id":"https:\/\/vgrblogg.se\/utveckling\/2019\/01\/31\/anteckningar-fran-ai-business-summit-2019\/"},"wordCount":957,"commentCount":0,"publisher":{"@id":"https:\/\/vgrblogg.se\/utveckling\/#organization"},"image":{"@id":"https:\/\/vgrblogg.se\/utveckling\/2019\/01\/31\/anteckningar-fran-ai-business-summit-2019\/#primaryimage"},"thumbnailUrl":"https:\/\/vgrblogg.se\/utveckling\/wp-content\/uploads\/sites\/3\/2019\/01\/ai-business-summit.jpg","keywords":["AI-k\u00f6rkort","Artificiell Intelligens (AI)","WASP"],"articleSection":["Innovation"],"inLanguage":"sv-SE","potentialAction":[{"@type":"CommentAction","name":"Comment","target":["https:\/\/vgrblogg.se\/utveckling\/2019\/01\/31\/anteckningar-fran-ai-business-summit-2019\/#respond"]}]},{"@type":"WebPage","@id":"https:\/\/vgrblogg.se\/utveckling\/2019\/01\/31\/anteckningar-fran-ai-business-summit-2019\/","url":"https:\/\/vgrblogg.se\/utveckling\/2019\/01\/31\/anteckningar-fran-ai-business-summit-2019\/","name":"Anteckningar fr\u00e5n AI Business Summit 2019 &#8212; Utveckling i VGR","isPartOf":{"@id":"https:\/\/vgrblogg.se\/utveckling\/#website"},"primaryImageOfPage":{"@id":"https:\/\/vgrblogg.se\/utveckling\/2019\/01\/31\/anteckningar-fran-ai-business-summit-2019\/#primaryimage"},"image":{"@id":"https:\/\/vgrblogg.se\/utveckling\/2019\/01\/31\/anteckningar-fran-ai-business-summit-2019\/#primaryimage"},"thumbnailUrl":"https:\/\/vgrblogg.se\/utveckling\/wp-content\/uploads\/sites\/3\/2019\/01\/ai-business-summit.jpg","datePublished":"2019-01-31T22:32:01+00:00","dateModified":"2019-01-31T22:40:00+00:00","breadcrumb":{"@id":"https:\/\/vgrblogg.se\/utveckling\/2019\/01\/31\/anteckningar-fran-ai-business-summit-2019\/#breadcrumb"},"inLanguage":"sv-SE","potentialAction":[{"@type":"ReadAction","target":["https:\/\/vgrblogg.se\/utveckling\/2019\/01\/31\/anteckningar-fran-ai-business-summit-2019\/"]}]},{"@type":"ImageObject","inLanguage":"sv-SE","@id":"https:\/\/vgrblogg.se\/utveckling\/2019\/01\/31\/anteckningar-fran-ai-business-summit-2019\/#primaryimage","url":"https:\/\/vgrblogg.se\/utveckling\/wp-content\/uploads\/sites\/3\/2019\/01\/ai-business-summit.jpg","contentUrl":"https:\/\/vgrblogg.se\/utveckling\/wp-content\/uploads\/sites\/3\/2019\/01\/ai-business-summit.jpg","width":1200,"height":600,"caption":"AI Business Summit"},{"@type":"BreadcrumbList","@id":"https:\/\/vgrblogg.se\/utveckling\/2019\/01\/31\/anteckningar-fran-ai-business-summit-2019\/#breadcrumb","itemListElement":[{"@type":"ListItem","position":1,"name":"Hem","item":"https:\/\/vgrblogg.se\/utveckling\/"},{"@type":"ListItem","position":2,"name":"Anteckningar fr\u00e5n AI Business Summit 2019"}]},{"@type":"WebSite","@id":"https:\/\/vgrblogg.se\/utveckling\/#website","url":"https:\/\/vgrblogg.se\/utveckling\/","name":"Utveckling i VGR","description":"Inblick i utvecklingsarbetet inom VGR","publisher":{"@id":"https:\/\/vgrblogg.se\/utveckling\/#organization"},"potentialAction":[{"@type":"SearchAction","target":{"@type":"EntryPoint","urlTemplate":"https:\/\/vgrblogg.se\/utveckling\/?s={search_term_string}"},"query-input":{"@type":"PropertyValueSpecification","valueRequired":true,"valueName":"search_term_string"}}],"inLanguage":"sv-SE"},{"@type":"Organization","@id":"https:\/\/vgrblogg.se\/utveckling\/#organization","name":"Utveckling i VGR","url":"https:\/\/vgrblogg.se\/utveckling\/","logo":{"@type":"ImageObject","inLanguage":"sv-SE","@id":"https:\/\/vgrblogg.se\/utveckling\/#\/schema\/logo\/image\/","url":"https:\/\/vgrblogg.se\/utveckling\/wp-content\/uploads\/sites\/3\/2018\/02\/cropped-logotype_color-1.png","contentUrl":"https:\/\/vgrblogg.se\/utveckling\/wp-content\/uploads\/sites\/3\/2018\/02\/cropped-logotype_color-1.png","width":1234,"height":250,"caption":"Utveckling i VGR"},"image":{"@id":"https:\/\/vgrblogg.se\/utveckling\/#\/schema\/logo\/image\/"}},{"@type":"Person","@id":"https:\/\/vgrblogg.se\/utveckling\/#\/schema\/person\/89521ab4d20982613661305cbdd5bc79","name":"Marcus \u00d6sterberg","image":{"@type":"ImageObject","inLanguage":"sv-SE","@id":"https:\/\/vgrblogg.se\/utveckling\/#\/schema\/person\/image\/","url":"https:\/\/secure.gravatar.com\/avatar\/3e009001c1a7e5183f24b2642fdbf63d?s=96&d=mm&r=g","contentUrl":"https:\/\/secure.gravatar.com\/avatar\/3e009001c1a7e5183f24b2642fdbf63d?s=96&d=mm&r=g","caption":"Marcus \u00d6sterberg"},"description":"Jobbade som utvecklings- och innovationsledare p\u00e5 V\u00e4stra G\u00f6talandsregionen, bl.a. p\u00e5 avdelningen V\u00e5rdens digitalisering, med expertis inom webbanalys och webbutveckling. Slutade 2022. F\u00f6rfattare till boken Webbstrategi f\u00f6r alla, samt Webbanalys - f\u00f6rst\u00e5 och f\u00f6rb\u00e4ttra anv\u00e4ndarnas upplevelse. Mer om Marcus \u00d6sterberg finns h\u00e4r.","sameAs":["https:\/\/marcusosterberg.se","https:\/\/se.linkedin.com\/in\/marcusosterberg","https:\/\/x.com\/marcusosterberg"],"url":"https:\/\/vgrblogg.se\/utveckling\/author\/mosterberg\/"}]}},"_links":{"self":[{"href":"https:\/\/vgrblogg.se\/utveckling\/wp-json\/wp\/v2\/posts\/1929"}],"collection":[{"href":"https:\/\/vgrblogg.se\/utveckling\/wp-json\/wp\/v2\/posts"}],"about":[{"href":"https:\/\/vgrblogg.se\/utveckling\/wp-json\/wp\/v2\/types\/post"}],"author":[{"embeddable":true,"href":"https:\/\/vgrblogg.se\/utveckling\/wp-json\/wp\/v2\/users\/3"}],"replies":[{"embeddable":true,"href":"https:\/\/vgrblogg.se\/utveckling\/wp-json\/wp\/v2\/comments?post=1929"}],"version-history":[{"count":6,"href":"https:\/\/vgrblogg.se\/utveckling\/wp-json\/wp\/v2\/posts\/1929\/revisions"}],"predecessor-version":[{"id":1937,"href":"https:\/\/vgrblogg.se\/utveckling\/wp-json\/wp\/v2\/posts\/1929\/revisions\/1937"}],"wp:featuredmedia":[{"embeddable":true,"href":"https:\/\/vgrblogg.se\/utveckling\/wp-json\/wp\/v2\/media\/1931"}],"wp:attachment":[{"href":"https:\/\/vgrblogg.se\/utveckling\/wp-json\/wp\/v2\/media?parent=1929"}],"wp:term":[{"taxonomy":"category","embeddable":true,"href":"https:\/\/vgrblogg.se\/utveckling\/wp-json\/wp\/v2\/categories?post=1929"},{"taxonomy":"post_tag","embeddable":true,"href":"https:\/\/vgrblogg.se\/utveckling\/wp-json\/wp\/v2\/tags?post=1929"}],"curies":[{"name":"wp","href":"https:\/\/api.w.org\/{rel}","templated":true}]}}