{"id":2115,"date":"2019-06-07T22:25:09","date_gmt":"2019-06-07T20:25:09","guid":{"rendered":"https:\/\/vgrblogg.se\/utveckling\/?p=2115"},"modified":"2019-06-07T22:31:54","modified_gmt":"2019-06-07T20:31:54","slug":"oppna-data-inom-varden","status":"publish","type":"post","link":"https:\/\/vgrblogg.se\/utveckling\/2019\/06\/07\/oppna-data-inom-varden\/","title":{"rendered":"Behovet av \u00f6ppna data f\u00f6r h\u00e4lso- och sjukv\u00e5rden"},"content":{"rendered":"\n<p>Del 8 i bloggserien f\u00f6r <a href=\"https:\/\/vgrblogg.se\/utveckling\/tag\/swelife-ai\/\">uppdraget Swelife \ud83d\ude0d AI<\/a>. Swelifes AI-projekt unders\u00f6ker Sveriges f\u00f6ruts\u00e4ttningar f\u00f6r att bli framst\u00e5ende inom AI-tekniker. Vi har st\u00f6tt p\u00e5, i mitt tycke, helt on\u00f6diga hinder hos exempelvis Inera n\u00e4r vi f\u00f6rs\u00f6ker f\u00e5 anv\u00e4nda de texter som finns p\u00e5 <a href=\"http:\/\/1177.se\">1177.se<\/a>  f\u00f6r AI-tekniken NLP (Natural Language Processing). <\/p>\n\n\n\n<!--more-->\n\n\n\n<p>Vi fick inte lov att sprida detta material ens i workshops f\u00f6r att folkbilda om AI. Inte heller f\u00f6r att ge bort ett startpaket med data och exempelkod till de som p\u00e5 egen hand vill b\u00f6rja l\u00e4ra sig om AI i omsorgen, h\u00e4lso- och sjukv\u00e5rden.<\/p>\n\n\n\n<h2 class=\"wp-block-heading\">Allt som betalats av skattebetalare borde vara \u00f6ppet?<\/h2>\n\n\n\n<p>Allt som produceras av SKL och Inera borde per automatik erbjudas som \u00f6ppna data. Om inte ens artiklarna p\u00e5 <a href=\"http:\/\/1177.se\">1177.se<\/a> l\u00e4mnas ut \u00f6ppet kan man undra hur vi ska kunna bli b\u00e4st p\u00e5 eh\u00e4lsa till 2025? I dagsl\u00e4get betraktas 1177-artiklarna som allm\u00e4n handling och erbjuds i en strukturerad form (ett s\u00e5 kallat API). Dock kr\u00e4vs det att man signerar avtal och att man inte sprider informationen vidare. Dessa h\u00e5llhakar begr\u00e4nsar inte exempelvis Google som genom sin storhet kan h\u00e4mta allt material direkt fr\u00e5n webbplatsen.<\/p>\n\n\n\n<h3 class=\"wp-block-heading\">Gynna utl\u00e4ndska akt\u00f6rer?<\/h3>\n\n\n\n<p>Det \u00e4r lite konstigt att det som bekostats av svenska skattebetalare \u00e4r l\u00e4ttare att anv\u00e4nda f\u00f6r Google \u00e4n v\u00e5ra egna entrepren\u00f6rer, eller v\u00e5rd- och omsorgen sj\u00e4lv.<\/p>\n\n\n\n<h2 class=\"wp-block-heading\">\u00d6ppna data<\/h2>\n\n\n\n<p>\u00d6ppna data har en definition vilket inneb\u00e4r att det \u00e4r l\u00e4tt att kravst\u00e4lla. Definitionen \u00e4r allm\u00e4nt accepterad. Att det \u00e4r webbens grundare, Berners-Lee, som f\u00f6rfattade det hela gjorde det s\u00e4kert enklare att n\u00e5 en samsyn. <\/p>\n\n\n\n<p>Fr\u00e5gan har varit aktuell i \u00e5tminstone 10 \u00e5r. Bland annat hos Edelegationen, Riksarkivet och finns numera hos DIGG. Dock \u00e4r det dags att de organisationer som producerar viktiga datam\u00e4ngder \u00f6ppnar upp dem per automatik och att eventuella begr\u00e4nsningar \u00e4r v\u00e4lmotiverade och ganska s\u00e4llsynta.<\/p>\n\n\n\n<p>Fler datak\u00e4llor som vore intressanta att mixa ihop med det Inera producerar \u00e4r bland annat:<\/p>\n\n\n\n<ul class=\"wp-block-list\"><li><a href=\"https:\/\/www.kolada.se\">Kolada<\/a> &#8211; kommuner och landsting rapporterar j\u00e4mf\u00f6relsedata nationellt, men tycks inte f\u00e5 lov att sj\u00e4lva \u00e5teranv\u00e4nda varandras data f\u00f6r att g\u00f6ra egna analyser, exempelvis mellan tv\u00e5 storstadsregioners sjukhus.\n<\/li><li><a href=\"http:\/\/kvalitetsregister.se\/\">Kvalitetsregister<\/a> &#8211; allt ofarligt fr\u00e5n registren. Kanske p\u00e5 gruppniv\u00e5, kommunniv\u00e5, diagnosgrupper, etc. Karolinska har tidigare gjort projekt om hur mycket abstraktion som beh\u00f6vs f\u00f6r att g\u00f6mma en person i en grupp n\u00e4r det g\u00e4ller v\u00e5rddata.\n<\/li><\/ul>\n\n\n\n<p>Data anses vara v\u00e5r nya naturresurs. Men om den inte \u00e4r \u00f6ppen och l\u00e4tt att hitta kommer den \u00e4nd\u00e5 inte till anv\u00e4ndning.<\/p>\n\n\n\n<h2 class=\"wp-block-heading\">Mer om \u00f6ppenhet kring datak\u00e4llor<\/h2>\n\n\n\n<ul class=\"wp-block-list\"><li><a href=\"https:\/\/oppnadata.se\/5-stjarnemodellen\/\">5-stj\u00e4rnemodellen \u2013 Den nationella portalen f\u00f6r \u00f6ppna data och PSI<\/a>\n<\/li><li><a href=\"https:\/\/www.vr.se\/analys-och-uppdrag\/vi-analyserar-och-utvarderar\/alla-publikationer\/publikationer\/2018-12-07-kriterier-for-fair-forskningsdata.html\">Kriterier f\u00f6r FAIR forskningsdata  &#8211; Vetenskapsr\u00e5det<\/a><\/li><\/ul>\n","protected":false},"excerpt":{"rendered":"<p>Del 8 i bloggserien f\u00f6r uppdraget Swelife \ud83d\ude0d AI. Swelifes AI-projekt unders\u00f6ker Sveriges f\u00f6ruts\u00e4ttningar f\u00f6r att bli framst\u00e5ende inom AI-tekniker. Vi har st\u00f6tt p\u00e5, i mitt tycke, helt on\u00f6diga hinder hos exempelvis Inera n\u00e4r vi f\u00f6rs\u00f6ker f\u00e5 anv\u00e4nda de texter som finns p\u00e5 1177.se f\u00f6r AI-tekniken NLP (Natural Language Processing).<\/p>\n","protected":false},"author":3,"featured_media":2116,"comment_status":"open","ping_status":"open","sticky":false,"template":"","format":"standard","meta":{"footnotes":""},"categories":[9],"tags":[11,1034,44,1033,777,57,592,977,982],"class_list":["post-2115","post","type-post","status-publish","format-standard","has-post-thumbnail","hentry","category-projekt","tag-1177-vardguiden","tag-allman-handling","tag-application-programming-interface-api","tag-inera","tag-natural-language-processing-nlp","tag-oppna-data","tag-skr","tag-swelife","tag-swelife-ai"],"yoast_head":"<!-- This site is optimized with the Yoast SEO plugin v25.6 - https:\/\/yoast.com\/wordpress\/plugins\/seo\/ -->\n<title>Behovet av \u00f6ppna data f\u00f6r h\u00e4lso- och sjukv\u00e5rden &#8212; Utveckling i VGR<\/title>\n<meta name=\"description\" content=\"Vad \u00e4r m\u00f6jligheten att \u00e5teranv\u00e4nda datak\u00e4llor som finansierats av svenska skattebetalare? Inera \u00e4r ett exempel p\u00e5 n\u00e5gra som \u00e4r mer restriktiva mot landstingen \u00e4n Google.\" \/>\n<meta name=\"robots\" content=\"index, follow, max-snippet:-1, max-image-preview:large, max-video-preview:-1\" \/>\n<link rel=\"canonical\" href=\"https:\/\/vgrblogg.se\/utveckling\/2019\/06\/07\/oppna-data-inom-varden\/\" \/>\n<meta property=\"og:locale\" content=\"sv_SE\" \/>\n<meta property=\"og:type\" content=\"article\" \/>\n<meta property=\"og:title\" content=\"Behovet av \u00f6ppna data f\u00f6r h\u00e4lso- och sjukv\u00e5rden &#8212; Utveckling i VGR\" \/>\n<meta property=\"og:description\" content=\"Vad \u00e4r m\u00f6jligheten att \u00e5teranv\u00e4nda datak\u00e4llor som finansierats av svenska skattebetalare? Inera \u00e4r ett exempel p\u00e5 n\u00e5gra som \u00e4r mer restriktiva mot landstingen \u00e4n Google.\" \/>\n<meta property=\"og:url\" content=\"https:\/\/vgrblogg.se\/utveckling\/2019\/06\/07\/oppna-data-inom-varden\/\" \/>\n<meta property=\"og:site_name\" content=\"Utveckling i VGR\" \/>\n<meta property=\"article:published_time\" content=\"2019-06-07T20:25:09+00:00\" \/>\n<meta property=\"article:modified_time\" content=\"2019-06-07T20:31:54+00:00\" \/>\n<meta property=\"og:image\" content=\"https:\/\/vgrblogg.se\/utveckling\/wp-content\/uploads\/sites\/3\/2019\/06\/stop-unsplashed.jpg\" \/>\n\t<meta property=\"og:image:width\" content=\"1400\" \/>\n\t<meta property=\"og:image:height\" content=\"832\" \/>\n\t<meta property=\"og:image:type\" content=\"image\/jpeg\" \/>\n<meta name=\"author\" content=\"Marcus \u00d6sterberg\" \/>\n<meta name=\"twitter:card\" content=\"summary_large_image\" \/>\n<meta name=\"twitter:creator\" content=\"@marcusosterberg\" \/>\n<meta name=\"twitter:label1\" content=\"Skriven av\" \/>\n\t<meta name=\"twitter:data1\" content=\"Marcus \u00d6sterberg\" \/>\n\t<meta name=\"twitter:label2\" content=\"Ber\u00e4knad l\u00e4stid\" \/>\n\t<meta name=\"twitter:data2\" content=\"2 minuter\" \/>\n<script type=\"application\/ld+json\" class=\"yoast-schema-graph\">{\"@context\":\"https:\/\/schema.org\",\"@graph\":[{\"@type\":\"Article\",\"@id\":\"https:\/\/vgrblogg.se\/utveckling\/2019\/06\/07\/oppna-data-inom-varden\/#article\",\"isPartOf\":{\"@id\":\"https:\/\/vgrblogg.se\/utveckling\/2019\/06\/07\/oppna-data-inom-varden\/\"},\"author\":{\"name\":\"Marcus \u00d6sterberg\",\"@id\":\"https:\/\/vgrblogg.se\/utveckling\/#\/schema\/person\/89521ab4d20982613661305cbdd5bc79\"},\"headline\":\"Behovet av \u00f6ppna data f\u00f6r h\u00e4lso- och sjukv\u00e5rden\",\"datePublished\":\"2019-06-07T20:25:09+00:00\",\"dateModified\":\"2019-06-07T20:31:54+00:00\",\"mainEntityOfPage\":{\"@id\":\"https:\/\/vgrblogg.se\/utveckling\/2019\/06\/07\/oppna-data-inom-varden\/\"},\"wordCount\":494,\"commentCount\":0,\"publisher\":{\"@id\":\"https:\/\/vgrblogg.se\/utveckling\/#organization\"},\"image\":{\"@id\":\"https:\/\/vgrblogg.se\/utveckling\/2019\/06\/07\/oppna-data-inom-varden\/#primaryimage\"},\"thumbnailUrl\":\"https:\/\/vgrblogg.se\/utveckling\/wp-content\/uploads\/sites\/3\/2019\/06\/stop-unsplashed.jpg\",\"keywords\":[\"1177 V\u00e5rdguiden\",\"Allm\u00e4n handling\",\"Application Programming Interface (API)\",\"Inera\",\"Natural Language Processing (NLP)\",\"\u00d6ppna data\",\"SKR (Sveriges kommuner och regioner)\",\"Swelife\",\"Swelife AI\"],\"articleSection\":[\"Projekt\"],\"inLanguage\":\"sv-SE\",\"potentialAction\":[{\"@type\":\"CommentAction\",\"name\":\"Comment\",\"target\":[\"https:\/\/vgrblogg.se\/utveckling\/2019\/06\/07\/oppna-data-inom-varden\/#respond\"]}]},{\"@type\":\"WebPage\",\"@id\":\"https:\/\/vgrblogg.se\/utveckling\/2019\/06\/07\/oppna-data-inom-varden\/\",\"url\":\"https:\/\/vgrblogg.se\/utveckling\/2019\/06\/07\/oppna-data-inom-varden\/\",\"name\":\"Behovet av \u00f6ppna data f\u00f6r h\u00e4lso- och sjukv\u00e5rden &#8212; Utveckling i VGR\",\"isPartOf\":{\"@id\":\"https:\/\/vgrblogg.se\/utveckling\/#website\"},\"primaryImageOfPage\":{\"@id\":\"https:\/\/vgrblogg.se\/utveckling\/2019\/06\/07\/oppna-data-inom-varden\/#primaryimage\"},\"image\":{\"@id\":\"https:\/\/vgrblogg.se\/utveckling\/2019\/06\/07\/oppna-data-inom-varden\/#primaryimage\"},\"thumbnailUrl\":\"https:\/\/vgrblogg.se\/utveckling\/wp-content\/uploads\/sites\/3\/2019\/06\/stop-unsplashed.jpg\",\"datePublished\":\"2019-06-07T20:25:09+00:00\",\"dateModified\":\"2019-06-07T20:31:54+00:00\",\"description\":\"Vad \u00e4r m\u00f6jligheten att \u00e5teranv\u00e4nda datak\u00e4llor som finansierats av svenska skattebetalare? Inera \u00e4r ett exempel p\u00e5 n\u00e5gra som \u00e4r mer restriktiva mot landstingen \u00e4n Google.\",\"breadcrumb\":{\"@id\":\"https:\/\/vgrblogg.se\/utveckling\/2019\/06\/07\/oppna-data-inom-varden\/#breadcrumb\"},\"inLanguage\":\"sv-SE\",\"potentialAction\":[{\"@type\":\"ReadAction\",\"target\":[\"https:\/\/vgrblogg.se\/utveckling\/2019\/06\/07\/oppna-data-inom-varden\/\"]}]},{\"@type\":\"ImageObject\",\"inLanguage\":\"sv-SE\",\"@id\":\"https:\/\/vgrblogg.se\/utveckling\/2019\/06\/07\/oppna-data-inom-varden\/#primaryimage\",\"url\":\"https:\/\/vgrblogg.se\/utveckling\/wp-content\/uploads\/sites\/3\/2019\/06\/stop-unsplashed.jpg\",\"contentUrl\":\"https:\/\/vgrblogg.se\/utveckling\/wp-content\/uploads\/sites\/3\/2019\/06\/stop-unsplashed.jpg\",\"width\":1400,\"height\":832,\"caption\":\"Inera vill inte dela med sig av 1177-texterna\"},{\"@type\":\"BreadcrumbList\",\"@id\":\"https:\/\/vgrblogg.se\/utveckling\/2019\/06\/07\/oppna-data-inom-varden\/#breadcrumb\",\"itemListElement\":[{\"@type\":\"ListItem\",\"position\":1,\"name\":\"Hem\",\"item\":\"https:\/\/vgrblogg.se\/utveckling\/\"},{\"@type\":\"ListItem\",\"position\":2,\"name\":\"Behovet av \u00f6ppna data f\u00f6r h\u00e4lso- och sjukv\u00e5rden\"}]},{\"@type\":\"WebSite\",\"@id\":\"https:\/\/vgrblogg.se\/utveckling\/#website\",\"url\":\"https:\/\/vgrblogg.se\/utveckling\/\",\"name\":\"Utveckling i VGR\",\"description\":\"Inblick i utvecklingsarbetet inom VGR\",\"publisher\":{\"@id\":\"https:\/\/vgrblogg.se\/utveckling\/#organization\"},\"potentialAction\":[{\"@type\":\"SearchAction\",\"target\":{\"@type\":\"EntryPoint\",\"urlTemplate\":\"https:\/\/vgrblogg.se\/utveckling\/?s={search_term_string}\"},\"query-input\":{\"@type\":\"PropertyValueSpecification\",\"valueRequired\":true,\"valueName\":\"search_term_string\"}}],\"inLanguage\":\"sv-SE\"},{\"@type\":\"Organization\",\"@id\":\"https:\/\/vgrblogg.se\/utveckling\/#organization\",\"name\":\"Utveckling i VGR\",\"url\":\"https:\/\/vgrblogg.se\/utveckling\/\",\"logo\":{\"@type\":\"ImageObject\",\"inLanguage\":\"sv-SE\",\"@id\":\"https:\/\/vgrblogg.se\/utveckling\/#\/schema\/logo\/image\/\",\"url\":\"https:\/\/vgrblogg.se\/utveckling\/wp-content\/uploads\/sites\/3\/2018\/02\/cropped-logotype_color-1.png\",\"contentUrl\":\"https:\/\/vgrblogg.se\/utveckling\/wp-content\/uploads\/sites\/3\/2018\/02\/cropped-logotype_color-1.png\",\"width\":1234,\"height\":250,\"caption\":\"Utveckling i VGR\"},\"image\":{\"@id\":\"https:\/\/vgrblogg.se\/utveckling\/#\/schema\/logo\/image\/\"}},{\"@type\":\"Person\",\"@id\":\"https:\/\/vgrblogg.se\/utveckling\/#\/schema\/person\/89521ab4d20982613661305cbdd5bc79\",\"name\":\"Marcus \u00d6sterberg\",\"image\":{\"@type\":\"ImageObject\",\"inLanguage\":\"sv-SE\",\"@id\":\"https:\/\/vgrblogg.se\/utveckling\/#\/schema\/person\/image\/\",\"url\":\"https:\/\/secure.gravatar.com\/avatar\/3e009001c1a7e5183f24b2642fdbf63d?s=96&d=mm&r=g\",\"contentUrl\":\"https:\/\/secure.gravatar.com\/avatar\/3e009001c1a7e5183f24b2642fdbf63d?s=96&d=mm&r=g\",\"caption\":\"Marcus \u00d6sterberg\"},\"description\":\"Jobbade som utvecklings- och innovationsledare p\u00e5 V\u00e4stra G\u00f6talandsregionen, bl.a. p\u00e5 avdelningen V\u00e5rdens digitalisering, med expertis inom webbanalys och webbutveckling. Slutade 2022. F\u00f6rfattare till boken Webbstrategi f\u00f6r alla, samt Webbanalys - f\u00f6rst\u00e5 och f\u00f6rb\u00e4ttra anv\u00e4ndarnas upplevelse. Mer om Marcus \u00d6sterberg finns h\u00e4r.\",\"sameAs\":[\"https:\/\/marcusosterberg.se\",\"https:\/\/se.linkedin.com\/in\/marcusosterberg\",\"https:\/\/x.com\/marcusosterberg\"],\"url\":\"https:\/\/vgrblogg.se\/utveckling\/author\/mosterberg\/\"}]}<\/script>\n<!-- \/ Yoast SEO plugin. -->","yoast_head_json":{"title":"Behovet av \u00f6ppna data f\u00f6r h\u00e4lso- och sjukv\u00e5rden &#8212; Utveckling i VGR","description":"Vad \u00e4r m\u00f6jligheten att \u00e5teranv\u00e4nda datak\u00e4llor som finansierats av svenska skattebetalare? Inera \u00e4r ett exempel p\u00e5 n\u00e5gra som \u00e4r mer restriktiva mot landstingen \u00e4n Google.","robots":{"index":"index","follow":"follow","max-snippet":"max-snippet:-1","max-image-preview":"max-image-preview:large","max-video-preview":"max-video-preview:-1"},"canonical":"https:\/\/vgrblogg.se\/utveckling\/2019\/06\/07\/oppna-data-inom-varden\/","og_locale":"sv_SE","og_type":"article","og_title":"Behovet av \u00f6ppna data f\u00f6r h\u00e4lso- och sjukv\u00e5rden &#8212; Utveckling i VGR","og_description":"Vad \u00e4r m\u00f6jligheten att \u00e5teranv\u00e4nda datak\u00e4llor som finansierats av svenska skattebetalare? Inera \u00e4r ett exempel p\u00e5 n\u00e5gra som \u00e4r mer restriktiva mot landstingen \u00e4n Google.","og_url":"https:\/\/vgrblogg.se\/utveckling\/2019\/06\/07\/oppna-data-inom-varden\/","og_site_name":"Utveckling i VGR","article_published_time":"2019-06-07T20:25:09+00:00","article_modified_time":"2019-06-07T20:31:54+00:00","og_image":[{"width":1400,"height":832,"url":"https:\/\/vgrblogg.se\/utveckling\/wp-content\/uploads\/sites\/3\/2019\/06\/stop-unsplashed.jpg","type":"image\/jpeg"}],"author":"Marcus \u00d6sterberg","twitter_card":"summary_large_image","twitter_creator":"@marcusosterberg","twitter_misc":{"Skriven av":"Marcus \u00d6sterberg","Ber\u00e4knad l\u00e4stid":"2 minuter"},"schema":{"@context":"https:\/\/schema.org","@graph":[{"@type":"Article","@id":"https:\/\/vgrblogg.se\/utveckling\/2019\/06\/07\/oppna-data-inom-varden\/#article","isPartOf":{"@id":"https:\/\/vgrblogg.se\/utveckling\/2019\/06\/07\/oppna-data-inom-varden\/"},"author":{"name":"Marcus \u00d6sterberg","@id":"https:\/\/vgrblogg.se\/utveckling\/#\/schema\/person\/89521ab4d20982613661305cbdd5bc79"},"headline":"Behovet av \u00f6ppna data f\u00f6r h\u00e4lso- och sjukv\u00e5rden","datePublished":"2019-06-07T20:25:09+00:00","dateModified":"2019-06-07T20:31:54+00:00","mainEntityOfPage":{"@id":"https:\/\/vgrblogg.se\/utveckling\/2019\/06\/07\/oppna-data-inom-varden\/"},"wordCount":494,"commentCount":0,"publisher":{"@id":"https:\/\/vgrblogg.se\/utveckling\/#organization"},"image":{"@id":"https:\/\/vgrblogg.se\/utveckling\/2019\/06\/07\/oppna-data-inom-varden\/#primaryimage"},"thumbnailUrl":"https:\/\/vgrblogg.se\/utveckling\/wp-content\/uploads\/sites\/3\/2019\/06\/stop-unsplashed.jpg","keywords":["1177 V\u00e5rdguiden","Allm\u00e4n handling","Application Programming Interface (API)","Inera","Natural Language Processing (NLP)","\u00d6ppna data","SKR (Sveriges kommuner och regioner)","Swelife","Swelife AI"],"articleSection":["Projekt"],"inLanguage":"sv-SE","potentialAction":[{"@type":"CommentAction","name":"Comment","target":["https:\/\/vgrblogg.se\/utveckling\/2019\/06\/07\/oppna-data-inom-varden\/#respond"]}]},{"@type":"WebPage","@id":"https:\/\/vgrblogg.se\/utveckling\/2019\/06\/07\/oppna-data-inom-varden\/","url":"https:\/\/vgrblogg.se\/utveckling\/2019\/06\/07\/oppna-data-inom-varden\/","name":"Behovet av \u00f6ppna data f\u00f6r h\u00e4lso- och sjukv\u00e5rden &#8212; Utveckling i VGR","isPartOf":{"@id":"https:\/\/vgrblogg.se\/utveckling\/#website"},"primaryImageOfPage":{"@id":"https:\/\/vgrblogg.se\/utveckling\/2019\/06\/07\/oppna-data-inom-varden\/#primaryimage"},"image":{"@id":"https:\/\/vgrblogg.se\/utveckling\/2019\/06\/07\/oppna-data-inom-varden\/#primaryimage"},"thumbnailUrl":"https:\/\/vgrblogg.se\/utveckling\/wp-content\/uploads\/sites\/3\/2019\/06\/stop-unsplashed.jpg","datePublished":"2019-06-07T20:25:09+00:00","dateModified":"2019-06-07T20:31:54+00:00","description":"Vad \u00e4r m\u00f6jligheten att \u00e5teranv\u00e4nda datak\u00e4llor som finansierats av svenska skattebetalare? Inera \u00e4r ett exempel p\u00e5 n\u00e5gra som \u00e4r mer restriktiva mot landstingen \u00e4n Google.","breadcrumb":{"@id":"https:\/\/vgrblogg.se\/utveckling\/2019\/06\/07\/oppna-data-inom-varden\/#breadcrumb"},"inLanguage":"sv-SE","potentialAction":[{"@type":"ReadAction","target":["https:\/\/vgrblogg.se\/utveckling\/2019\/06\/07\/oppna-data-inom-varden\/"]}]},{"@type":"ImageObject","inLanguage":"sv-SE","@id":"https:\/\/vgrblogg.se\/utveckling\/2019\/06\/07\/oppna-data-inom-varden\/#primaryimage","url":"https:\/\/vgrblogg.se\/utveckling\/wp-content\/uploads\/sites\/3\/2019\/06\/stop-unsplashed.jpg","contentUrl":"https:\/\/vgrblogg.se\/utveckling\/wp-content\/uploads\/sites\/3\/2019\/06\/stop-unsplashed.jpg","width":1400,"height":832,"caption":"Inera vill inte dela med sig av 1177-texterna"},{"@type":"BreadcrumbList","@id":"https:\/\/vgrblogg.se\/utveckling\/2019\/06\/07\/oppna-data-inom-varden\/#breadcrumb","itemListElement":[{"@type":"ListItem","position":1,"name":"Hem","item":"https:\/\/vgrblogg.se\/utveckling\/"},{"@type":"ListItem","position":2,"name":"Behovet av \u00f6ppna data f\u00f6r h\u00e4lso- och sjukv\u00e5rden"}]},{"@type":"WebSite","@id":"https:\/\/vgrblogg.se\/utveckling\/#website","url":"https:\/\/vgrblogg.se\/utveckling\/","name":"Utveckling i VGR","description":"Inblick i utvecklingsarbetet inom VGR","publisher":{"@id":"https:\/\/vgrblogg.se\/utveckling\/#organization"},"potentialAction":[{"@type":"SearchAction","target":{"@type":"EntryPoint","urlTemplate":"https:\/\/vgrblogg.se\/utveckling\/?s={search_term_string}"},"query-input":{"@type":"PropertyValueSpecification","valueRequired":true,"valueName":"search_term_string"}}],"inLanguage":"sv-SE"},{"@type":"Organization","@id":"https:\/\/vgrblogg.se\/utveckling\/#organization","name":"Utveckling i VGR","url":"https:\/\/vgrblogg.se\/utveckling\/","logo":{"@type":"ImageObject","inLanguage":"sv-SE","@id":"https:\/\/vgrblogg.se\/utveckling\/#\/schema\/logo\/image\/","url":"https:\/\/vgrblogg.se\/utveckling\/wp-content\/uploads\/sites\/3\/2018\/02\/cropped-logotype_color-1.png","contentUrl":"https:\/\/vgrblogg.se\/utveckling\/wp-content\/uploads\/sites\/3\/2018\/02\/cropped-logotype_color-1.png","width":1234,"height":250,"caption":"Utveckling i VGR"},"image":{"@id":"https:\/\/vgrblogg.se\/utveckling\/#\/schema\/logo\/image\/"}},{"@type":"Person","@id":"https:\/\/vgrblogg.se\/utveckling\/#\/schema\/person\/89521ab4d20982613661305cbdd5bc79","name":"Marcus \u00d6sterberg","image":{"@type":"ImageObject","inLanguage":"sv-SE","@id":"https:\/\/vgrblogg.se\/utveckling\/#\/schema\/person\/image\/","url":"https:\/\/secure.gravatar.com\/avatar\/3e009001c1a7e5183f24b2642fdbf63d?s=96&d=mm&r=g","contentUrl":"https:\/\/secure.gravatar.com\/avatar\/3e009001c1a7e5183f24b2642fdbf63d?s=96&d=mm&r=g","caption":"Marcus \u00d6sterberg"},"description":"Jobbade som utvecklings- och innovationsledare p\u00e5 V\u00e4stra G\u00f6talandsregionen, bl.a. p\u00e5 avdelningen V\u00e5rdens digitalisering, med expertis inom webbanalys och webbutveckling. Slutade 2022. F\u00f6rfattare till boken Webbstrategi f\u00f6r alla, samt Webbanalys - f\u00f6rst\u00e5 och f\u00f6rb\u00e4ttra anv\u00e4ndarnas upplevelse. Mer om Marcus \u00d6sterberg finns h\u00e4r.","sameAs":["https:\/\/marcusosterberg.se","https:\/\/se.linkedin.com\/in\/marcusosterberg","https:\/\/x.com\/marcusosterberg"],"url":"https:\/\/vgrblogg.se\/utveckling\/author\/mosterberg\/"}]}},"_links":{"self":[{"href":"https:\/\/vgrblogg.se\/utveckling\/wp-json\/wp\/v2\/posts\/2115"}],"collection":[{"href":"https:\/\/vgrblogg.se\/utveckling\/wp-json\/wp\/v2\/posts"}],"about":[{"href":"https:\/\/vgrblogg.se\/utveckling\/wp-json\/wp\/v2\/types\/post"}],"author":[{"embeddable":true,"href":"https:\/\/vgrblogg.se\/utveckling\/wp-json\/wp\/v2\/users\/3"}],"replies":[{"embeddable":true,"href":"https:\/\/vgrblogg.se\/utveckling\/wp-json\/wp\/v2\/comments?post=2115"}],"version-history":[{"count":2,"href":"https:\/\/vgrblogg.se\/utveckling\/wp-json\/wp\/v2\/posts\/2115\/revisions"}],"predecessor-version":[{"id":2118,"href":"https:\/\/vgrblogg.se\/utveckling\/wp-json\/wp\/v2\/posts\/2115\/revisions\/2118"}],"wp:featuredmedia":[{"embeddable":true,"href":"https:\/\/vgrblogg.se\/utveckling\/wp-json\/wp\/v2\/media\/2116"}],"wp:attachment":[{"href":"https:\/\/vgrblogg.se\/utveckling\/wp-json\/wp\/v2\/media?parent=2115"}],"wp:term":[{"taxonomy":"category","embeddable":true,"href":"https:\/\/vgrblogg.se\/utveckling\/wp-json\/wp\/v2\/categories?post=2115"},{"taxonomy":"post_tag","embeddable":true,"href":"https:\/\/vgrblogg.se\/utveckling\/wp-json\/wp\/v2\/tags?post=2115"}],"curies":[{"name":"wp","href":"https:\/\/api.w.org\/{rel}","templated":true}]}}