{"id":2334,"date":"2020-03-06T10:39:02","date_gmt":"2020-03-06T09:39:02","guid":{"rendered":"https:\/\/vgrblogg.se\/utveckling\/?p=2334"},"modified":"2020-03-06T12:56:54","modified_gmt":"2020-03-06T11:56:54","slug":"skrs-webbsandning-6-mars-hur-ser-medarbetarna-i-valfarden-pa-digitalisering","status":"publish","type":"post","link":"https:\/\/vgrblogg.se\/utveckling\/2020\/03\/06\/skrs-webbsandning-6-mars-hur-ser-medarbetarna-i-valfarden-pa-digitalisering\/","title":{"rendered":"SKR:s webbs\u00e4ndning 6 mars: Hur ser medarbetarna i v\u00e4lf\u00e4rden p\u00e5 digitalisering?"},"content":{"rendered":"\n<p>Anteckningar fr\u00e5n webbs\u00e4ndningen.<\/p>\n\n\n\n<h2 class=\"wp-block-heading\" id=\"Rapporten \u201cDigitalisering i v\u00e4lf\u00e4rden\u201d\">Rapporten \u201cDigitalisering i v\u00e4lf\u00e4rden\u201d<\/h2>\n\n\n\n<p>SKR har idag sl\u00e4ppt en <a href=\"https:\/\/skr.se\/tjanster\/press\/nyheter\/nyhetsarkiv\/valfardensmedarbetarepositivatilldigitalteknik.32132.html\">rapport, Digitalisering i v\u00e4lf\u00e4rden<\/a>, ladda ner <a href=\"https:\/\/webbutik.skr.se\/shop?funk=visa_artikel&amp;artnr=7585-874-6\">sj\u00e4lva rapporten<\/a>. B\u00e5de redan yrkesverksamma och studenter har besvarat enk\u00e4ten under 2019, vilket \u00e4r basen f\u00f6r rapportens underlag. Det \u00e4r f\u00f6rst\u00e5s inte specifikt f\u00f6r h\u00e4lso- och sjukv\u00e5rd, utan ocks\u00e5 skola, omsorg, etc.<\/p>\n\n\n\n<!--more-->\n\n\n\n<p>Generellt kan s\u00e4gas att yrkesgrupperna \u00e4r positivt inst\u00e4llda till digitalisering. Dock varierar det hur man vill vidareutbildas inom det digitala. <\/p>\n\n\n\n<p>2 av 3 studenter vill vara involverade n\u00e4r nya verktyg k\u00f6ps in.<\/p>\n\n\n\n<p>Finns <a href=\"https:\/\/skr.se\/naringslivarbetedigitalisering\/digitalisering\/sammanhallendigitalservice\/medarbetarnasinstallningdigitalservice.32101.html\">presentation, illustrationer och diagram att ladda ner<\/a>.<\/p>\n\n\n\n<h2 class=\"wp-block-heading\" id=\"Panel: Anneli Schwartz (Alings\u00e5s), Mia Hernell Blomkvist (Hammar\u00f6), Mikael Bogarve (Bjuvs kommun)\">Panel: Anneli Schwartz (Alings\u00e5s), Mia Hernell Blomkvist (Hammar\u00f6), Mikael Bogarve (Bjuvs kommun)<\/h2>\n\n\n\n<blockquote class=\"wp-block-quote is-layout-flow wp-block-quote-is-layout-flow\"><p>&#8221;Sen datoriseringen har man mer blivit administrat\u00f6rer och mindre socialarbetare. Nu kan vi nog v\u00e4nda den trenden.\u201d<\/p><p>&#8211; parafras fr\u00e5n Bjuv, som jobbat med RPA<\/p><\/blockquote>\n\n\n\n<p>Alings\u00e5s har haft med facket n\u00e4r de jobbat med att ta in system.<\/p>\n\n\n\n<p>Hammar\u00f6 hade fr\u00e5gan om mobilt-bankid som l\u00f6sning f\u00f6r beh\u00f6righet och k\u00f6rde fr\u00e5gan i facklig samverkan. Det \u00e4r n\u00e5got \u00e5r sedan och d\u00e5 var det nog lite mer kontroversiellt \u00e4n idag.<\/p>\n\n\n\n<p>Konstateras att allm\u00e4nheten \u00e4r \u00e4n mer intresserad av digitalisering \u00e4n medarbetarna. F\u00f6r allm\u00e4nheten kan digital service vara s\u00e5 mycket smidigare. De \u00e4r mindre uppbundna av tider. Folk kan vara mer flexibla och leva sitt liv.<\/p>\n\n\n\n<h2 class=\"wp-block-heading\" id=\"Panel 2: Kristina Folkesson (utredare p\u00e5 SKR), Patrik Sundstr\u00f6m (eh\u00e4lsa p\u00e5 SKR), Mikael Svensson (skolans digitalisering p\u00e5 SKR)\">Panel 2: Kristina Folkesson (utredare p\u00e5 SKR), Patrik Sundstr\u00f6m (eh\u00e4lsa p\u00e5 SKR), Mikael Svensson (skolans digitalisering p\u00e5 SKR)<\/h2>\n\n\n\n<p><a href=\"https:\/\/digironden.suntarbetsliv.se\/\">Digi-ronden<\/a> &#8211; ett verktyg f\u00f6r digital arbetsmilj\u00f6.<\/p>\n\n\n\n<p>Finns en mediebild att \u201cIT \u00e4r mer st\u00f6rande \u00e4n st\u00f6djande\u201d. Finns dock hos de anst\u00e4llda en positiv grundinst\u00e4llning till teknik, men att man inte \u00e4r n\u00f6jd med hur det fungerar p\u00e5 sin arbetsplats.<\/p>\n\n\n\n<p>Mycket administration idag, som tr\u00e4ngs med mer v\u00e4rdeskapande arbete.<\/p>\n\n\n\n<p>F\u00f6rs\u00f6k hitta bra gemensamma l\u00f6sningar \u00f6ver hela organisationen och etablera en \u201cdela-kultur\u201d, som i Alings\u00e5s.<\/p>\n\n\n\n<p>1 av 10 l\u00e4karstudenter upplever att de rustas f\u00f6r sitt framtida arbetsliv. Det \u00e4r oroande.<\/p>\n\n\n\n<p>AI, maskininl\u00e4rning, AR och VR \u00e4r ganska avl\u00e4gset f\u00f6r de som jobbar i verkligheten. Den typen av innovation\/utveckling \u00e4r f\u00f6rst\u00e5s viktigt men det \u00e4r f\u00f6rst\u00e5s v\u00e4rt att ta vara p\u00e5 mer verksamhetsn\u00e4ra innovation.<\/p>\n","protected":false},"excerpt":{"rendered":"<p>Anteckningar fr\u00e5n webbs\u00e4ndningen. Rapporten \u201cDigitalisering i v\u00e4lf\u00e4rden\u201d SKR har idag sl\u00e4ppt en rapport, Digitalisering i v\u00e4lf\u00e4rden, ladda ner sj\u00e4lva rapporten. B\u00e5de redan yrkesverksamma och studenter har besvarat enk\u00e4ten under 2019, vilket \u00e4r basen f\u00f6r rapportens underlag. Det \u00e4r f\u00f6rst\u00e5s inte specifikt f\u00f6r h\u00e4lso- och sjukv\u00e5rd, utan ocks\u00e5 skola, omsorg, etc.<\/p>\n","protected":false},"author":3,"featured_media":0,"comment_status":"open","ping_status":"open","sticky":false,"template":"","format":"standard","meta":{"footnotes":""},"categories":[1062],"tags":[1064,1063,592],"class_list":["post-2334","post","type-post","status-publish","format-standard","hentry","category-digital-arbetsplats","tag-digi-ronden","tag-digital-arbetsmiljo","tag-skr"],"yoast_head":"<!-- This site is optimized with the Yoast SEO plugin v25.6 - https:\/\/yoast.com\/wordpress\/plugins\/seo\/ -->\n<title>SKR:s webbs\u00e4ndning 6 mars: Hur ser medarbetarna i v\u00e4lf\u00e4rden p\u00e5 digitalisering? &#8212; Utveckling i VGR<\/title>\n<meta name=\"robots\" content=\"index, follow, max-snippet:-1, max-image-preview:large, max-video-preview:-1\" \/>\n<link rel=\"canonical\" href=\"https:\/\/vgrblogg.se\/utveckling\/2020\/03\/06\/skrs-webbsandning-6-mars-hur-ser-medarbetarna-i-valfarden-pa-digitalisering\/\" \/>\n<meta property=\"og:locale\" content=\"sv_SE\" \/>\n<meta property=\"og:type\" content=\"article\" \/>\n<meta property=\"og:title\" content=\"SKR:s webbs\u00e4ndning 6 mars: Hur ser medarbetarna i v\u00e4lf\u00e4rden p\u00e5 digitalisering? &#8212; Utveckling i VGR\" \/>\n<meta property=\"og:description\" content=\"Anteckningar fr\u00e5n webbs\u00e4ndningen. Rapporten \u201cDigitalisering i v\u00e4lf\u00e4rden\u201d SKR har idag sl\u00e4ppt en rapport, Digitalisering i v\u00e4lf\u00e4rden, ladda ner sj\u00e4lva rapporten. B\u00e5de redan yrkesverksamma och studenter har besvarat enk\u00e4ten under 2019, vilket \u00e4r basen f\u00f6r rapportens underlag. Det \u00e4r f\u00f6rst\u00e5s inte specifikt f\u00f6r h\u00e4lso- och sjukv\u00e5rd, utan ocks\u00e5 skola, omsorg, etc.\" \/>\n<meta property=\"og:url\" content=\"https:\/\/vgrblogg.se\/utveckling\/2020\/03\/06\/skrs-webbsandning-6-mars-hur-ser-medarbetarna-i-valfarden-pa-digitalisering\/\" \/>\n<meta property=\"og:site_name\" content=\"Utveckling i VGR\" \/>\n<meta property=\"article:published_time\" content=\"2020-03-06T09:39:02+00:00\" \/>\n<meta property=\"article:modified_time\" content=\"2020-03-06T11:56:54+00:00\" \/>\n<meta name=\"author\" content=\"Marcus \u00d6sterberg\" \/>\n<meta name=\"twitter:card\" content=\"summary_large_image\" \/>\n<meta name=\"twitter:creator\" content=\"@marcusosterberg\" \/>\n<meta name=\"twitter:label1\" content=\"Skriven av\" \/>\n\t<meta name=\"twitter:data1\" content=\"Marcus \u00d6sterberg\" \/>\n\t<meta name=\"twitter:label2\" content=\"Ber\u00e4knad l\u00e4stid\" \/>\n\t<meta name=\"twitter:data2\" content=\"2 minuter\" \/>\n<script type=\"application\/ld+json\" class=\"yoast-schema-graph\">{\"@context\":\"https:\/\/schema.org\",\"@graph\":[{\"@type\":\"Article\",\"@id\":\"https:\/\/vgrblogg.se\/utveckling\/2020\/03\/06\/skrs-webbsandning-6-mars-hur-ser-medarbetarna-i-valfarden-pa-digitalisering\/#article\",\"isPartOf\":{\"@id\":\"https:\/\/vgrblogg.se\/utveckling\/2020\/03\/06\/skrs-webbsandning-6-mars-hur-ser-medarbetarna-i-valfarden-pa-digitalisering\/\"},\"author\":{\"name\":\"Marcus \u00d6sterberg\",\"@id\":\"https:\/\/vgrblogg.se\/utveckling\/#\/schema\/person\/89521ab4d20982613661305cbdd5bc79\"},\"headline\":\"SKR:s webbs\u00e4ndning 6 mars: Hur ser medarbetarna i v\u00e4lf\u00e4rden p\u00e5 digitalisering?\",\"datePublished\":\"2020-03-06T09:39:02+00:00\",\"dateModified\":\"2020-03-06T11:56:54+00:00\",\"mainEntityOfPage\":{\"@id\":\"https:\/\/vgrblogg.se\/utveckling\/2020\/03\/06\/skrs-webbsandning-6-mars-hur-ser-medarbetarna-i-valfarden-pa-digitalisering\/\"},\"wordCount\":405,\"commentCount\":0,\"publisher\":{\"@id\":\"https:\/\/vgrblogg.se\/utveckling\/#organization\"},\"keywords\":[\"Digi-ronden\",\"Digital arbetsmilj\u00f6\",\"SKR (Sveriges kommuner och regioner)\"],\"articleSection\":[\"Digital arbetsplats\"],\"inLanguage\":\"sv-SE\",\"potentialAction\":[{\"@type\":\"CommentAction\",\"name\":\"Comment\",\"target\":[\"https:\/\/vgrblogg.se\/utveckling\/2020\/03\/06\/skrs-webbsandning-6-mars-hur-ser-medarbetarna-i-valfarden-pa-digitalisering\/#respond\"]}]},{\"@type\":\"WebPage\",\"@id\":\"https:\/\/vgrblogg.se\/utveckling\/2020\/03\/06\/skrs-webbsandning-6-mars-hur-ser-medarbetarna-i-valfarden-pa-digitalisering\/\",\"url\":\"https:\/\/vgrblogg.se\/utveckling\/2020\/03\/06\/skrs-webbsandning-6-mars-hur-ser-medarbetarna-i-valfarden-pa-digitalisering\/\",\"name\":\"SKR:s webbs\u00e4ndning 6 mars: Hur ser medarbetarna i v\u00e4lf\u00e4rden p\u00e5 digitalisering? &#8212; Utveckling i VGR\",\"isPartOf\":{\"@id\":\"https:\/\/vgrblogg.se\/utveckling\/#website\"},\"datePublished\":\"2020-03-06T09:39:02+00:00\",\"dateModified\":\"2020-03-06T11:56:54+00:00\",\"breadcrumb\":{\"@id\":\"https:\/\/vgrblogg.se\/utveckling\/2020\/03\/06\/skrs-webbsandning-6-mars-hur-ser-medarbetarna-i-valfarden-pa-digitalisering\/#breadcrumb\"},\"inLanguage\":\"sv-SE\",\"potentialAction\":[{\"@type\":\"ReadAction\",\"target\":[\"https:\/\/vgrblogg.se\/utveckling\/2020\/03\/06\/skrs-webbsandning-6-mars-hur-ser-medarbetarna-i-valfarden-pa-digitalisering\/\"]}]},{\"@type\":\"BreadcrumbList\",\"@id\":\"https:\/\/vgrblogg.se\/utveckling\/2020\/03\/06\/skrs-webbsandning-6-mars-hur-ser-medarbetarna-i-valfarden-pa-digitalisering\/#breadcrumb\",\"itemListElement\":[{\"@type\":\"ListItem\",\"position\":1,\"name\":\"Hem\",\"item\":\"https:\/\/vgrblogg.se\/utveckling\/\"},{\"@type\":\"ListItem\",\"position\":2,\"name\":\"SKR:s webbs\u00e4ndning 6 mars: Hur ser medarbetarna i v\u00e4lf\u00e4rden p\u00e5 digitalisering?\"}]},{\"@type\":\"WebSite\",\"@id\":\"https:\/\/vgrblogg.se\/utveckling\/#website\",\"url\":\"https:\/\/vgrblogg.se\/utveckling\/\",\"name\":\"Utveckling i VGR\",\"description\":\"Inblick i utvecklingsarbetet inom VGR\",\"publisher\":{\"@id\":\"https:\/\/vgrblogg.se\/utveckling\/#organization\"},\"potentialAction\":[{\"@type\":\"SearchAction\",\"target\":{\"@type\":\"EntryPoint\",\"urlTemplate\":\"https:\/\/vgrblogg.se\/utveckling\/?s={search_term_string}\"},\"query-input\":{\"@type\":\"PropertyValueSpecification\",\"valueRequired\":true,\"valueName\":\"search_term_string\"}}],\"inLanguage\":\"sv-SE\"},{\"@type\":\"Organization\",\"@id\":\"https:\/\/vgrblogg.se\/utveckling\/#organization\",\"name\":\"Utveckling i VGR\",\"url\":\"https:\/\/vgrblogg.se\/utveckling\/\",\"logo\":{\"@type\":\"ImageObject\",\"inLanguage\":\"sv-SE\",\"@id\":\"https:\/\/vgrblogg.se\/utveckling\/#\/schema\/logo\/image\/\",\"url\":\"https:\/\/vgrblogg.se\/utveckling\/wp-content\/uploads\/sites\/3\/2018\/02\/cropped-logotype_color-1.png\",\"contentUrl\":\"https:\/\/vgrblogg.se\/utveckling\/wp-content\/uploads\/sites\/3\/2018\/02\/cropped-logotype_color-1.png\",\"width\":1234,\"height\":250,\"caption\":\"Utveckling i VGR\"},\"image\":{\"@id\":\"https:\/\/vgrblogg.se\/utveckling\/#\/schema\/logo\/image\/\"}},{\"@type\":\"Person\",\"@id\":\"https:\/\/vgrblogg.se\/utveckling\/#\/schema\/person\/89521ab4d20982613661305cbdd5bc79\",\"name\":\"Marcus \u00d6sterberg\",\"image\":{\"@type\":\"ImageObject\",\"inLanguage\":\"sv-SE\",\"@id\":\"https:\/\/vgrblogg.se\/utveckling\/#\/schema\/person\/image\/\",\"url\":\"https:\/\/secure.gravatar.com\/avatar\/3e009001c1a7e5183f24b2642fdbf63d?s=96&d=mm&r=g\",\"contentUrl\":\"https:\/\/secure.gravatar.com\/avatar\/3e009001c1a7e5183f24b2642fdbf63d?s=96&d=mm&r=g\",\"caption\":\"Marcus \u00d6sterberg\"},\"description\":\"Jobbade som utvecklings- och innovationsledare p\u00e5 V\u00e4stra G\u00f6talandsregionen, bl.a. p\u00e5 avdelningen V\u00e5rdens digitalisering, med expertis inom webbanalys och webbutveckling. Slutade 2022. F\u00f6rfattare till boken Webbstrategi f\u00f6r alla, samt Webbanalys - f\u00f6rst\u00e5 och f\u00f6rb\u00e4ttra anv\u00e4ndarnas upplevelse. Mer om Marcus \u00d6sterberg finns h\u00e4r.\",\"sameAs\":[\"https:\/\/marcusosterberg.se\",\"https:\/\/se.linkedin.com\/in\/marcusosterberg\",\"https:\/\/x.com\/marcusosterberg\"],\"url\":\"https:\/\/vgrblogg.se\/utveckling\/author\/mosterberg\/\"}]}<\/script>\n<!-- \/ Yoast SEO plugin. -->","yoast_head_json":{"title":"SKR:s webbs\u00e4ndning 6 mars: Hur ser medarbetarna i v\u00e4lf\u00e4rden p\u00e5 digitalisering? &#8212; Utveckling i VGR","robots":{"index":"index","follow":"follow","max-snippet":"max-snippet:-1","max-image-preview":"max-image-preview:large","max-video-preview":"max-video-preview:-1"},"canonical":"https:\/\/vgrblogg.se\/utveckling\/2020\/03\/06\/skrs-webbsandning-6-mars-hur-ser-medarbetarna-i-valfarden-pa-digitalisering\/","og_locale":"sv_SE","og_type":"article","og_title":"SKR:s webbs\u00e4ndning 6 mars: Hur ser medarbetarna i v\u00e4lf\u00e4rden p\u00e5 digitalisering? &#8212; Utveckling i VGR","og_description":"Anteckningar fr\u00e5n webbs\u00e4ndningen. Rapporten \u201cDigitalisering i v\u00e4lf\u00e4rden\u201d SKR har idag sl\u00e4ppt en rapport, Digitalisering i v\u00e4lf\u00e4rden, ladda ner sj\u00e4lva rapporten. B\u00e5de redan yrkesverksamma och studenter har besvarat enk\u00e4ten under 2019, vilket \u00e4r basen f\u00f6r rapportens underlag. Det \u00e4r f\u00f6rst\u00e5s inte specifikt f\u00f6r h\u00e4lso- och sjukv\u00e5rd, utan ocks\u00e5 skola, omsorg, etc.","og_url":"https:\/\/vgrblogg.se\/utveckling\/2020\/03\/06\/skrs-webbsandning-6-mars-hur-ser-medarbetarna-i-valfarden-pa-digitalisering\/","og_site_name":"Utveckling i VGR","article_published_time":"2020-03-06T09:39:02+00:00","article_modified_time":"2020-03-06T11:56:54+00:00","author":"Marcus \u00d6sterberg","twitter_card":"summary_large_image","twitter_creator":"@marcusosterberg","twitter_misc":{"Skriven av":"Marcus \u00d6sterberg","Ber\u00e4knad l\u00e4stid":"2 minuter"},"schema":{"@context":"https:\/\/schema.org","@graph":[{"@type":"Article","@id":"https:\/\/vgrblogg.se\/utveckling\/2020\/03\/06\/skrs-webbsandning-6-mars-hur-ser-medarbetarna-i-valfarden-pa-digitalisering\/#article","isPartOf":{"@id":"https:\/\/vgrblogg.se\/utveckling\/2020\/03\/06\/skrs-webbsandning-6-mars-hur-ser-medarbetarna-i-valfarden-pa-digitalisering\/"},"author":{"name":"Marcus \u00d6sterberg","@id":"https:\/\/vgrblogg.se\/utveckling\/#\/schema\/person\/89521ab4d20982613661305cbdd5bc79"},"headline":"SKR:s webbs\u00e4ndning 6 mars: Hur ser medarbetarna i v\u00e4lf\u00e4rden p\u00e5 digitalisering?","datePublished":"2020-03-06T09:39:02+00:00","dateModified":"2020-03-06T11:56:54+00:00","mainEntityOfPage":{"@id":"https:\/\/vgrblogg.se\/utveckling\/2020\/03\/06\/skrs-webbsandning-6-mars-hur-ser-medarbetarna-i-valfarden-pa-digitalisering\/"},"wordCount":405,"commentCount":0,"publisher":{"@id":"https:\/\/vgrblogg.se\/utveckling\/#organization"},"keywords":["Digi-ronden","Digital arbetsmilj\u00f6","SKR (Sveriges kommuner och regioner)"],"articleSection":["Digital arbetsplats"],"inLanguage":"sv-SE","potentialAction":[{"@type":"CommentAction","name":"Comment","target":["https:\/\/vgrblogg.se\/utveckling\/2020\/03\/06\/skrs-webbsandning-6-mars-hur-ser-medarbetarna-i-valfarden-pa-digitalisering\/#respond"]}]},{"@type":"WebPage","@id":"https:\/\/vgrblogg.se\/utveckling\/2020\/03\/06\/skrs-webbsandning-6-mars-hur-ser-medarbetarna-i-valfarden-pa-digitalisering\/","url":"https:\/\/vgrblogg.se\/utveckling\/2020\/03\/06\/skrs-webbsandning-6-mars-hur-ser-medarbetarna-i-valfarden-pa-digitalisering\/","name":"SKR:s webbs\u00e4ndning 6 mars: Hur ser medarbetarna i v\u00e4lf\u00e4rden p\u00e5 digitalisering? &#8212; Utveckling i VGR","isPartOf":{"@id":"https:\/\/vgrblogg.se\/utveckling\/#website"},"datePublished":"2020-03-06T09:39:02+00:00","dateModified":"2020-03-06T11:56:54+00:00","breadcrumb":{"@id":"https:\/\/vgrblogg.se\/utveckling\/2020\/03\/06\/skrs-webbsandning-6-mars-hur-ser-medarbetarna-i-valfarden-pa-digitalisering\/#breadcrumb"},"inLanguage":"sv-SE","potentialAction":[{"@type":"ReadAction","target":["https:\/\/vgrblogg.se\/utveckling\/2020\/03\/06\/skrs-webbsandning-6-mars-hur-ser-medarbetarna-i-valfarden-pa-digitalisering\/"]}]},{"@type":"BreadcrumbList","@id":"https:\/\/vgrblogg.se\/utveckling\/2020\/03\/06\/skrs-webbsandning-6-mars-hur-ser-medarbetarna-i-valfarden-pa-digitalisering\/#breadcrumb","itemListElement":[{"@type":"ListItem","position":1,"name":"Hem","item":"https:\/\/vgrblogg.se\/utveckling\/"},{"@type":"ListItem","position":2,"name":"SKR:s webbs\u00e4ndning 6 mars: Hur ser medarbetarna i v\u00e4lf\u00e4rden p\u00e5 digitalisering?"}]},{"@type":"WebSite","@id":"https:\/\/vgrblogg.se\/utveckling\/#website","url":"https:\/\/vgrblogg.se\/utveckling\/","name":"Utveckling i VGR","description":"Inblick i utvecklingsarbetet inom VGR","publisher":{"@id":"https:\/\/vgrblogg.se\/utveckling\/#organization"},"potentialAction":[{"@type":"SearchAction","target":{"@type":"EntryPoint","urlTemplate":"https:\/\/vgrblogg.se\/utveckling\/?s={search_term_string}"},"query-input":{"@type":"PropertyValueSpecification","valueRequired":true,"valueName":"search_term_string"}}],"inLanguage":"sv-SE"},{"@type":"Organization","@id":"https:\/\/vgrblogg.se\/utveckling\/#organization","name":"Utveckling i VGR","url":"https:\/\/vgrblogg.se\/utveckling\/","logo":{"@type":"ImageObject","inLanguage":"sv-SE","@id":"https:\/\/vgrblogg.se\/utveckling\/#\/schema\/logo\/image\/","url":"https:\/\/vgrblogg.se\/utveckling\/wp-content\/uploads\/sites\/3\/2018\/02\/cropped-logotype_color-1.png","contentUrl":"https:\/\/vgrblogg.se\/utveckling\/wp-content\/uploads\/sites\/3\/2018\/02\/cropped-logotype_color-1.png","width":1234,"height":250,"caption":"Utveckling i VGR"},"image":{"@id":"https:\/\/vgrblogg.se\/utveckling\/#\/schema\/logo\/image\/"}},{"@type":"Person","@id":"https:\/\/vgrblogg.se\/utveckling\/#\/schema\/person\/89521ab4d20982613661305cbdd5bc79","name":"Marcus \u00d6sterberg","image":{"@type":"ImageObject","inLanguage":"sv-SE","@id":"https:\/\/vgrblogg.se\/utveckling\/#\/schema\/person\/image\/","url":"https:\/\/secure.gravatar.com\/avatar\/3e009001c1a7e5183f24b2642fdbf63d?s=96&d=mm&r=g","contentUrl":"https:\/\/secure.gravatar.com\/avatar\/3e009001c1a7e5183f24b2642fdbf63d?s=96&d=mm&r=g","caption":"Marcus \u00d6sterberg"},"description":"Jobbade som utvecklings- och innovationsledare p\u00e5 V\u00e4stra G\u00f6talandsregionen, bl.a. p\u00e5 avdelningen V\u00e5rdens digitalisering, med expertis inom webbanalys och webbutveckling. Slutade 2022. F\u00f6rfattare till boken Webbstrategi f\u00f6r alla, samt Webbanalys - f\u00f6rst\u00e5 och f\u00f6rb\u00e4ttra anv\u00e4ndarnas upplevelse. Mer om Marcus \u00d6sterberg finns h\u00e4r.","sameAs":["https:\/\/marcusosterberg.se","https:\/\/se.linkedin.com\/in\/marcusosterberg","https:\/\/x.com\/marcusosterberg"],"url":"https:\/\/vgrblogg.se\/utveckling\/author\/mosterberg\/"}]}},"_links":{"self":[{"href":"https:\/\/vgrblogg.se\/utveckling\/wp-json\/wp\/v2\/posts\/2334"}],"collection":[{"href":"https:\/\/vgrblogg.se\/utveckling\/wp-json\/wp\/v2\/posts"}],"about":[{"href":"https:\/\/vgrblogg.se\/utveckling\/wp-json\/wp\/v2\/types\/post"}],"author":[{"embeddable":true,"href":"https:\/\/vgrblogg.se\/utveckling\/wp-json\/wp\/v2\/users\/3"}],"replies":[{"embeddable":true,"href":"https:\/\/vgrblogg.se\/utveckling\/wp-json\/wp\/v2\/comments?post=2334"}],"version-history":[{"count":1,"href":"https:\/\/vgrblogg.se\/utveckling\/wp-json\/wp\/v2\/posts\/2334\/revisions"}],"predecessor-version":[{"id":2335,"href":"https:\/\/vgrblogg.se\/utveckling\/wp-json\/wp\/v2\/posts\/2334\/revisions\/2335"}],"wp:attachment":[{"href":"https:\/\/vgrblogg.se\/utveckling\/wp-json\/wp\/v2\/media?parent=2334"}],"wp:term":[{"taxonomy":"category","embeddable":true,"href":"https:\/\/vgrblogg.se\/utveckling\/wp-json\/wp\/v2\/categories?post=2334"},{"taxonomy":"post_tag","embeddable":true,"href":"https:\/\/vgrblogg.se\/utveckling\/wp-json\/wp\/v2\/tags?post=2334"}],"curies":[{"name":"wp","href":"https:\/\/api.w.org\/{rel}","templated":true}]}}