{"id":2903,"date":"2024-06-04T15:11:40","date_gmt":"2024-06-04T13:11:40","guid":{"rendered":"https:\/\/vgrblogg.se\/utveckling\/?p=2903"},"modified":"2024-06-04T15:12:21","modified_gmt":"2024-06-04T13:12:21","slug":"vasterhavsveckan-webbkarta-och-oppna-data","status":"publish","type":"post","link":"https:\/\/vgrblogg.se\/utveckling\/2024\/06\/04\/vasterhavsveckan-webbkarta-och-oppna-data\/","title":{"rendered":"V\u00e4sterhavsveckan: webbkarta och \u00f6ppna data"},"content":{"rendered":"\n<figure class=\"wp-block-image size-full\"><img loading=\"lazy\" decoding=\"async\" width=\"977\" height=\"558\" src=\"https:\/\/vgrblogg.se\/utveckling\/wp-content\/uploads\/sites\/3\/2024\/06\/Vasterhavsveckan_2024.png\" alt=\"\" class=\"wp-image-2904\" srcset=\"https:\/\/vgrblogg.se\/utveckling\/wp-content\/uploads\/sites\/3\/2024\/06\/Vasterhavsveckan_2024.png 977w, https:\/\/vgrblogg.se\/utveckling\/wp-content\/uploads\/sites\/3\/2024\/06\/Vasterhavsveckan_2024-300x171.png 300w, https:\/\/vgrblogg.se\/utveckling\/wp-content\/uploads\/sites\/3\/2024\/06\/Vasterhavsveckan_2024-768x439.png 768w\" sizes=\"(max-width: 767px) 89vw, (max-width: 1000px) 54vw, (max-width: 1071px) 543px, 580px\" \/><figcaption>M\u00e5nga aktiviteter, en karta<\/figcaption><\/figure>\n\n\n\n<p><a href=\"https:\/\/www.vgregion.se\/ov\/vasterhavsveckan\/\" target=\"_blank\" rel=\"noreferrer noopener\">V\u00e4sterhavsveckan<\/a> \u00e4r en temavecka f\u00f6r havsmilj\u00f6n. Under veckan, som infaller i augusti varje \u00e5r, anordnar ett stort antal akt\u00f6rer havsn\u00e4ra aktiviteter f\u00f6r alla \u00e5ldrar. M\u00e5let \u00e4r att h\u00f6ja v\u00e5r havsmedvetenhet, det vill s\u00e4ga skapa intresse f\u00f6r havet och hur havet m\u00e5r. F\u00f6r att underl\u00e4tta f\u00f6r intresserade att hitta aktiviteterna, finns numera en webbkarta, som visar vad som sker p\u00e5 respektive plats. S\u00e5 hur gjordes webbkartan? Sedan tidigare har vi redan bl.a. QGIS och R\/RStudio p\u00e5 plats i v\u00e5r GIS-milj\u00f6. R \u00e4r numera v\u00e4ldigt kompetent inom GIS och V\u00e4sterhavsveckans webbkarta visade sig vara ett l\u00e4mpligt projekt f\u00f6r att anv\u00e4nda denna milj\u00f6.<\/p>\n\n\n\n<!--more-->\n\n\n\n<p><strong>QGIS<\/strong><\/p>\n\n\n\n<p>F\u00f6rsta delen av arbetet bestod av att mha QGIS manuellt placera ut punkterna d\u00e4r aktiviteterna \u00e4ger rum och sammanst\u00e4lla de l\u00e4nkar som ska visas f\u00f6r respektive ort. Den st\u00f6rsta utmaningen i detta skede var att tolka underlaget, s\u00e5 att punkterna hamnar p\u00e5 r\u00e4tt plats. Ska punkten placeras vid bryggan i hamnen eller p\u00e5 torget i centrum? Resultatet \u00e4r en GeoPackage-fil, som utg\u00f6r underlaget f\u00f6r webbkartan.<\/p>\n\n\n\n<p><strong>R\/RStudio<\/strong><\/p>\n\n\n\n<p>N\u00e4sta steg var att skapa ett R-skript f\u00f6r att skapa en Leaflet-baserad webbkarta utifr\u00e5n GeoPackage-filen. Resultatet \u00e4r en frist\u00e5ende webbsida, som kan publiceras p\u00e5 l\u00e4mplig yta. R-koden ser ut s\u00e5 h\u00e4r:<\/p>\n\n\n\n<pre class=\"wp-block-code\"><code>\r# Load libraries\r\nlibrary(htmltools)\r\nlibrary(htmlwidgets)\r\nlibrary(leaflet)\r\nlibrary(leaflet.extras)\r\nlibrary(sf)\r\n\r\n# Set working directory\r\nsetwd(\"G:\\\\path\\\\\")   # Replace with real path\n\r\n# Read GeoPackage with locations for 2024 and transform EPSG 3006 -&gt; 4326\r\norter_2024 &lt;- st_read(\"G:\\\\path\\\\V\u00e4sterhavsveckan orter 2024.gpkg\")\r\norter_2024 = st_transform(orter_2024, \"EPSG:4326\")\r\n\r\n\r\n# Replace \",\" with --- to increase visibility in popups\r\norter_2024$URL = print(gsub(\",\", \" ---\", orter_2024$URL))\r\n\r\n\r\n# Create Leaflet web map\r\nvasterhavsveckan2024 = leaflet(orter_2024) %&gt;% \r\n  \r\n  # Set map center\r\n  setView(lng = 11.9, lat = 58.4, zoom = 7) %&gt;%\r\n\r\n  # Base groups\r\n  addProviderTiles(providers$CartoDB.Positron, group = \"Positron\") %&gt;%\r\n  addTiles(group = \"OpenStreetMap\") %&gt;%\r\n\r\n  # Overlay groups  \r\n  addMarkers(\r\n    group = \"V\u00e4sterhavsveckan orter 2024\",\r\n    label = ~as.character(Ort),\r\n    labelOptions = labelOptions(textsize = \"14px\"),\r\n    popup = ~as.character(URL),\r\n  ) %&gt;% \r\n\r\n  # Add search function\r\n  addSearchFeatures(\r\n    targetGroups = 'V\u00e4sterhavsveckan orter 2024',\r\n    options = searchFeaturesOptions(zoom = 12,\r\n                                    openPopup = TRUE,\r\n                                    firstTipSubmit = TRUE,\r\n                                    autoCollapse = TRUE,\r\n                                    hideMarkerOnCollapse = TRUE)) %&gt;% \r\n  \r\n  # Layer control\r\n  addLayersControl(\r\n  baseGroups = c(\"Positron\", \"OpenStreetMap\"),\r\n  overlayGroups = c(\"V\u00e4sterhavsveckan orter 2024\"),\r\n  options = layersControlOptions(collapsed = TRUE)\r\n  ) %&gt;% \r\n\r\n  # Mini map\r\n  addMiniMap(\r\n    tiles = providers$CartoDB.Positron,\r\n    toggleDisplay = TRUE,\r\n    minimized = TRUE)\r\n\r\n\r\n# View result\r\nvasterhavsveckan2024\r\n\r\n\r\n# Save map to disk, set page name\r\nsaveWidget(widget = vasterhavsveckan2024, file = \"Vasterhavsveckan_2024.html\", title=\"V\u00e4sterhavsveckan\")\r<\/code><\/pre>\n\n\n\n<p>R har h\u00e4r skapat filen Vasterhavsveckan_2024.html. Du hittar webbkartan p\u00e5 <a href=\"https:\/\/www.vgregion.se\/ov\/vasterhavsveckan\/har-finns-vi\/\">https:\/\/www.vgregion.se\/ov\/vasterhavsveckan\/har-finns-vi\/<\/a>.<\/p>\n\n\n\n<p><strong>\u00d6ppna data<\/strong><\/p>\n\n\n\n<p>Denna datam\u00e4ngd \u00e4r ocks\u00e5 en bra kandidat f\u00f6r publicering som \u00f6ppna data:<\/p>\n\n\n\n<ul class=\"wp-block-list\"><li>Arbetet med att ta fram underlaget \u00e4r redan gjort, s\u00e5 arbetsinsatsen f\u00f6r att ocks\u00e5 publicera detta som \u00f6ppna data \u00e4r minimal<\/li><li>Den h\u00e5ller h\u00f6g kvalitet<\/li><li>Den inneh\u00e5ller inga personuppgifter<\/li><li>Publicering bidrar b\u00e5de till \u00f6kad transparens och till att \u00f6ka k\u00e4nnedomen om arbetet med V\u00e4sterhavsveckan och de fr\u00e5gor som ryms d\u00e4ri<\/li><\/ul>\n\n\n\n<p>Eftersom vi redan har en milj\u00f6 f\u00f6r att publicera datam\u00e4ngder som \u00f6ppna data, var steget kort till att publicera detta p\u00e5 dataportal.se. Du hittar det <a href=\"https:\/\/www.dataportal.se\/datasets\/197_3337\/vasterhavsveckan-orter#ref=?p=1&amp;q=V%C3%A4stra%20G%C3%B6talandsregionen&amp;s=1&amp;t=20&amp;f=http%3A%2F%2Fpurl.org%2Fdc%2Fterms%2Fpublisher%7C%7Chttps%3A%2F%2Fvgregion.entryscape.net%2Fstore%2F7%2Fresource%2F1%7C%7Cfalse%7C%7Curi%7C%7COrganisation%7C%7CV%C3%A4stra%20G%C3%B6talandsregionen&amp;rt=dataset%24esterms_IndependentDataService%24esterms_ServedByDataService&amp;c=false\" target=\"_blank\" rel=\"noreferrer noopener\">h\u00e4r<\/a>, s\u00e5 om du inte gillar webbkartan, kan du anv\u00e4nda underlaget med valfritt kalkylprogram som klient eller g\u00f6ra en egen webbkarta, anpassad f\u00f6r just dig.<\/p>\n","protected":false},"excerpt":{"rendered":"<p>V\u00e4sterhavsveckan \u00e4r en temavecka f\u00f6r havsmilj\u00f6n. Under veckan, som infaller i augusti varje \u00e5r, anordnar ett stort antal akt\u00f6rer havsn\u00e4ra aktiviteter f\u00f6r alla \u00e5ldrar. M\u00e5let \u00e4r att h\u00f6ja v\u00e5r havsmedvetenhet, det vill s\u00e4ga skapa intresse f\u00f6r havet och hur havet m\u00e5r. F\u00f6r att underl\u00e4tta f\u00f6r intresserade att hitta aktiviteterna, finns numera en webbkarta, som visar &hellip; <\/p>\n<p class=\"link-more\"><a href=\"https:\/\/vgrblogg.se\/utveckling\/2024\/06\/04\/vasterhavsveckan-webbkarta-och-oppna-data\/\" class=\"more-link\">Forts\u00e4tt l\u00e4sa<span class=\"screen-reader-text\"> \u201dV\u00e4sterhavsveckan: webbkarta och \u00f6ppna data\u201d<\/span><\/a><\/p>\n","protected":false},"author":4,"featured_media":0,"comment_status":"open","ping_status":"open","sticky":false,"template":"","format":"standard","meta":{"footnotes":""},"categories":[4],"tags":[179,180,1098],"class_list":["post-2903","post","type-post","status-publish","format-standard","hentry","category-geo-perspektiv","tag-geodata","tag-gis","tag-vasterhavsveckan"],"yoast_head":"<!-- This site is optimized with the Yoast SEO plugin v25.6 - https:\/\/yoast.com\/wordpress\/plugins\/seo\/ -->\n<title>V\u00e4sterhavsveckan: webbkarta och \u00f6ppna data &#8212; Utveckling i VGR<\/title>\n<meta name=\"robots\" content=\"index, follow, max-snippet:-1, max-image-preview:large, max-video-preview:-1\" \/>\n<link rel=\"canonical\" href=\"https:\/\/vgrblogg.se\/utveckling\/2024\/06\/04\/vasterhavsveckan-webbkarta-och-oppna-data\/\" \/>\n<meta property=\"og:locale\" content=\"sv_SE\" \/>\n<meta property=\"og:type\" content=\"article\" \/>\n<meta property=\"og:title\" content=\"V\u00e4sterhavsveckan: webbkarta och \u00f6ppna data &#8212; Utveckling i VGR\" \/>\n<meta property=\"og:description\" content=\"V\u00e4sterhavsveckan \u00e4r en temavecka f\u00f6r havsmilj\u00f6n. Under veckan, som infaller i augusti varje \u00e5r, anordnar ett stort antal akt\u00f6rer havsn\u00e4ra aktiviteter f\u00f6r alla \u00e5ldrar. M\u00e5let \u00e4r att h\u00f6ja v\u00e5r havsmedvetenhet, det vill s\u00e4ga skapa intresse f\u00f6r havet och hur havet m\u00e5r. F\u00f6r att underl\u00e4tta f\u00f6r intresserade att hitta aktiviteterna, finns numera en webbkarta, som visar &hellip; Forts\u00e4tt l\u00e4sa \u201dV\u00e4sterhavsveckan: webbkarta och \u00f6ppna data\u201d\" \/>\n<meta property=\"og:url\" content=\"https:\/\/vgrblogg.se\/utveckling\/2024\/06\/04\/vasterhavsveckan-webbkarta-och-oppna-data\/\" \/>\n<meta property=\"og:site_name\" content=\"Utveckling i VGR\" \/>\n<meta property=\"article:published_time\" content=\"2024-06-04T13:11:40+00:00\" \/>\n<meta property=\"article:modified_time\" content=\"2024-06-04T13:12:21+00:00\" \/>\n<meta property=\"og:image\" content=\"https:\/\/vgrblogg.se\/utveckling\/wp-content\/uploads\/sites\/3\/2024\/06\/Vasterhavsveckan_2024.png\" \/>\n<meta name=\"author\" content=\"Magnus Nilsson\" \/>\n<meta name=\"twitter:card\" content=\"summary_large_image\" \/>\n<meta name=\"twitter:label1\" content=\"Skriven av\" \/>\n\t<meta name=\"twitter:data1\" content=\"Magnus Nilsson\" \/>\n\t<meta name=\"twitter:label2\" content=\"Ber\u00e4knad l\u00e4stid\" \/>\n\t<meta name=\"twitter:data2\" content=\"3 minuter\" \/>\n<script type=\"application\/ld+json\" class=\"yoast-schema-graph\">{\"@context\":\"https:\/\/schema.org\",\"@graph\":[{\"@type\":\"Article\",\"@id\":\"https:\/\/vgrblogg.se\/utveckling\/2024\/06\/04\/vasterhavsveckan-webbkarta-och-oppna-data\/#article\",\"isPartOf\":{\"@id\":\"https:\/\/vgrblogg.se\/utveckling\/2024\/06\/04\/vasterhavsveckan-webbkarta-och-oppna-data\/\"},\"author\":{\"name\":\"Magnus Nilsson\",\"@id\":\"https:\/\/vgrblogg.se\/utveckling\/#\/schema\/person\/5a867bf0a80df151ec2e483ec15ff3c9\"},\"headline\":\"V\u00e4sterhavsveckan: webbkarta och \u00f6ppna data\",\"datePublished\":\"2024-06-04T13:11:40+00:00\",\"dateModified\":\"2024-06-04T13:12:21+00:00\",\"mainEntityOfPage\":{\"@id\":\"https:\/\/vgrblogg.se\/utveckling\/2024\/06\/04\/vasterhavsveckan-webbkarta-och-oppna-data\/\"},\"wordCount\":399,\"commentCount\":0,\"publisher\":{\"@id\":\"https:\/\/vgrblogg.se\/utveckling\/#organization\"},\"image\":{\"@id\":\"https:\/\/vgrblogg.se\/utveckling\/2024\/06\/04\/vasterhavsveckan-webbkarta-och-oppna-data\/#primaryimage\"},\"thumbnailUrl\":\"https:\/\/vgrblogg.se\/utveckling\/wp-content\/uploads\/sites\/3\/2024\/06\/Vasterhavsveckan_2024.png\",\"keywords\":[\"Geodata\",\"GIS\",\"V\u00e4sterhavsveckan\"],\"articleSection\":[\"Geo-perspektiv\"],\"inLanguage\":\"sv-SE\",\"potentialAction\":[{\"@type\":\"CommentAction\",\"name\":\"Comment\",\"target\":[\"https:\/\/vgrblogg.se\/utveckling\/2024\/06\/04\/vasterhavsveckan-webbkarta-och-oppna-data\/#respond\"]}]},{\"@type\":\"WebPage\",\"@id\":\"https:\/\/vgrblogg.se\/utveckling\/2024\/06\/04\/vasterhavsveckan-webbkarta-och-oppna-data\/\",\"url\":\"https:\/\/vgrblogg.se\/utveckling\/2024\/06\/04\/vasterhavsveckan-webbkarta-och-oppna-data\/\",\"name\":\"V\u00e4sterhavsveckan: webbkarta och \u00f6ppna data &#8212; Utveckling i VGR\",\"isPartOf\":{\"@id\":\"https:\/\/vgrblogg.se\/utveckling\/#website\"},\"primaryImageOfPage\":{\"@id\":\"https:\/\/vgrblogg.se\/utveckling\/2024\/06\/04\/vasterhavsveckan-webbkarta-och-oppna-data\/#primaryimage\"},\"image\":{\"@id\":\"https:\/\/vgrblogg.se\/utveckling\/2024\/06\/04\/vasterhavsveckan-webbkarta-och-oppna-data\/#primaryimage\"},\"thumbnailUrl\":\"https:\/\/vgrblogg.se\/utveckling\/wp-content\/uploads\/sites\/3\/2024\/06\/Vasterhavsveckan_2024.png\",\"datePublished\":\"2024-06-04T13:11:40+00:00\",\"dateModified\":\"2024-06-04T13:12:21+00:00\",\"breadcrumb\":{\"@id\":\"https:\/\/vgrblogg.se\/utveckling\/2024\/06\/04\/vasterhavsveckan-webbkarta-och-oppna-data\/#breadcrumb\"},\"inLanguage\":\"sv-SE\",\"potentialAction\":[{\"@type\":\"ReadAction\",\"target\":[\"https:\/\/vgrblogg.se\/utveckling\/2024\/06\/04\/vasterhavsveckan-webbkarta-och-oppna-data\/\"]}]},{\"@type\":\"ImageObject\",\"inLanguage\":\"sv-SE\",\"@id\":\"https:\/\/vgrblogg.se\/utveckling\/2024\/06\/04\/vasterhavsveckan-webbkarta-och-oppna-data\/#primaryimage\",\"url\":\"https:\/\/vgrblogg.se\/utveckling\/wp-content\/uploads\/sites\/3\/2024\/06\/Vasterhavsveckan_2024.png\",\"contentUrl\":\"https:\/\/vgrblogg.se\/utveckling\/wp-content\/uploads\/sites\/3\/2024\/06\/Vasterhavsveckan_2024.png\",\"width\":977,\"height\":558},{\"@type\":\"BreadcrumbList\",\"@id\":\"https:\/\/vgrblogg.se\/utveckling\/2024\/06\/04\/vasterhavsveckan-webbkarta-och-oppna-data\/#breadcrumb\",\"itemListElement\":[{\"@type\":\"ListItem\",\"position\":1,\"name\":\"Hem\",\"item\":\"https:\/\/vgrblogg.se\/utveckling\/\"},{\"@type\":\"ListItem\",\"position\":2,\"name\":\"V\u00e4sterhavsveckan: webbkarta och \u00f6ppna data\"}]},{\"@type\":\"WebSite\",\"@id\":\"https:\/\/vgrblogg.se\/utveckling\/#website\",\"url\":\"https:\/\/vgrblogg.se\/utveckling\/\",\"name\":\"Utveckling i VGR\",\"description\":\"Inblick i utvecklingsarbetet inom VGR\",\"publisher\":{\"@id\":\"https:\/\/vgrblogg.se\/utveckling\/#organization\"},\"potentialAction\":[{\"@type\":\"SearchAction\",\"target\":{\"@type\":\"EntryPoint\",\"urlTemplate\":\"https:\/\/vgrblogg.se\/utveckling\/?s={search_term_string}\"},\"query-input\":{\"@type\":\"PropertyValueSpecification\",\"valueRequired\":true,\"valueName\":\"search_term_string\"}}],\"inLanguage\":\"sv-SE\"},{\"@type\":\"Organization\",\"@id\":\"https:\/\/vgrblogg.se\/utveckling\/#organization\",\"name\":\"Utveckling i VGR\",\"url\":\"https:\/\/vgrblogg.se\/utveckling\/\",\"logo\":{\"@type\":\"ImageObject\",\"inLanguage\":\"sv-SE\",\"@id\":\"https:\/\/vgrblogg.se\/utveckling\/#\/schema\/logo\/image\/\",\"url\":\"https:\/\/vgrblogg.se\/utveckling\/wp-content\/uploads\/sites\/3\/2018\/02\/cropped-logotype_color-1.png\",\"contentUrl\":\"https:\/\/vgrblogg.se\/utveckling\/wp-content\/uploads\/sites\/3\/2018\/02\/cropped-logotype_color-1.png\",\"width\":1234,\"height\":250,\"caption\":\"Utveckling i VGR\"},\"image\":{\"@id\":\"https:\/\/vgrblogg.se\/utveckling\/#\/schema\/logo\/image\/\"}},{\"@type\":\"Person\",\"@id\":\"https:\/\/vgrblogg.se\/utveckling\/#\/schema\/person\/5a867bf0a80df151ec2e483ec15ff3c9\",\"name\":\"Magnus Nilsson\",\"image\":{\"@type\":\"ImageObject\",\"inLanguage\":\"sv-SE\",\"@id\":\"https:\/\/vgrblogg.se\/utveckling\/#\/schema\/person\/image\/\",\"url\":\"https:\/\/secure.gravatar.com\/avatar\/aa666eaf797c3ca4d0492450cd59249b?s=96&d=mm&r=g\",\"contentUrl\":\"https:\/\/secure.gravatar.com\/avatar\/aa666eaf797c3ca4d0492450cd59249b?s=96&d=mm&r=g\",\"caption\":\"Magnus Nilsson\"},\"url\":\"https:\/\/vgrblogg.se\/utveckling\/author\/magnusnilssonvgr\/\"}]}<\/script>\n<!-- \/ Yoast SEO plugin. -->","yoast_head_json":{"title":"V\u00e4sterhavsveckan: webbkarta och \u00f6ppna data &#8212; Utveckling i VGR","robots":{"index":"index","follow":"follow","max-snippet":"max-snippet:-1","max-image-preview":"max-image-preview:large","max-video-preview":"max-video-preview:-1"},"canonical":"https:\/\/vgrblogg.se\/utveckling\/2024\/06\/04\/vasterhavsveckan-webbkarta-och-oppna-data\/","og_locale":"sv_SE","og_type":"article","og_title":"V\u00e4sterhavsveckan: webbkarta och \u00f6ppna data &#8212; Utveckling i VGR","og_description":"V\u00e4sterhavsveckan \u00e4r en temavecka f\u00f6r havsmilj\u00f6n. Under veckan, som infaller i augusti varje \u00e5r, anordnar ett stort antal akt\u00f6rer havsn\u00e4ra aktiviteter f\u00f6r alla \u00e5ldrar. M\u00e5let \u00e4r att h\u00f6ja v\u00e5r havsmedvetenhet, det vill s\u00e4ga skapa intresse f\u00f6r havet och hur havet m\u00e5r. F\u00f6r att underl\u00e4tta f\u00f6r intresserade att hitta aktiviteterna, finns numera en webbkarta, som visar &hellip; Forts\u00e4tt l\u00e4sa \u201dV\u00e4sterhavsveckan: webbkarta och \u00f6ppna data\u201d","og_url":"https:\/\/vgrblogg.se\/utveckling\/2024\/06\/04\/vasterhavsveckan-webbkarta-och-oppna-data\/","og_site_name":"Utveckling i VGR","article_published_time":"2024-06-04T13:11:40+00:00","article_modified_time":"2024-06-04T13:12:21+00:00","og_image":[{"url":"https:\/\/vgrblogg.se\/utveckling\/wp-content\/uploads\/sites\/3\/2024\/06\/Vasterhavsveckan_2024.png","type":"","width":"","height":""}],"author":"Magnus Nilsson","twitter_card":"summary_large_image","twitter_misc":{"Skriven av":"Magnus Nilsson","Ber\u00e4knad l\u00e4stid":"3 minuter"},"schema":{"@context":"https:\/\/schema.org","@graph":[{"@type":"Article","@id":"https:\/\/vgrblogg.se\/utveckling\/2024\/06\/04\/vasterhavsveckan-webbkarta-och-oppna-data\/#article","isPartOf":{"@id":"https:\/\/vgrblogg.se\/utveckling\/2024\/06\/04\/vasterhavsveckan-webbkarta-och-oppna-data\/"},"author":{"name":"Magnus Nilsson","@id":"https:\/\/vgrblogg.se\/utveckling\/#\/schema\/person\/5a867bf0a80df151ec2e483ec15ff3c9"},"headline":"V\u00e4sterhavsveckan: webbkarta och \u00f6ppna data","datePublished":"2024-06-04T13:11:40+00:00","dateModified":"2024-06-04T13:12:21+00:00","mainEntityOfPage":{"@id":"https:\/\/vgrblogg.se\/utveckling\/2024\/06\/04\/vasterhavsveckan-webbkarta-och-oppna-data\/"},"wordCount":399,"commentCount":0,"publisher":{"@id":"https:\/\/vgrblogg.se\/utveckling\/#organization"},"image":{"@id":"https:\/\/vgrblogg.se\/utveckling\/2024\/06\/04\/vasterhavsveckan-webbkarta-och-oppna-data\/#primaryimage"},"thumbnailUrl":"https:\/\/vgrblogg.se\/utveckling\/wp-content\/uploads\/sites\/3\/2024\/06\/Vasterhavsveckan_2024.png","keywords":["Geodata","GIS","V\u00e4sterhavsveckan"],"articleSection":["Geo-perspektiv"],"inLanguage":"sv-SE","potentialAction":[{"@type":"CommentAction","name":"Comment","target":["https:\/\/vgrblogg.se\/utveckling\/2024\/06\/04\/vasterhavsveckan-webbkarta-och-oppna-data\/#respond"]}]},{"@type":"WebPage","@id":"https:\/\/vgrblogg.se\/utveckling\/2024\/06\/04\/vasterhavsveckan-webbkarta-och-oppna-data\/","url":"https:\/\/vgrblogg.se\/utveckling\/2024\/06\/04\/vasterhavsveckan-webbkarta-och-oppna-data\/","name":"V\u00e4sterhavsveckan: webbkarta och \u00f6ppna data &#8212; Utveckling i VGR","isPartOf":{"@id":"https:\/\/vgrblogg.se\/utveckling\/#website"},"primaryImageOfPage":{"@id":"https:\/\/vgrblogg.se\/utveckling\/2024\/06\/04\/vasterhavsveckan-webbkarta-och-oppna-data\/#primaryimage"},"image":{"@id":"https:\/\/vgrblogg.se\/utveckling\/2024\/06\/04\/vasterhavsveckan-webbkarta-och-oppna-data\/#primaryimage"},"thumbnailUrl":"https:\/\/vgrblogg.se\/utveckling\/wp-content\/uploads\/sites\/3\/2024\/06\/Vasterhavsveckan_2024.png","datePublished":"2024-06-04T13:11:40+00:00","dateModified":"2024-06-04T13:12:21+00:00","breadcrumb":{"@id":"https:\/\/vgrblogg.se\/utveckling\/2024\/06\/04\/vasterhavsveckan-webbkarta-och-oppna-data\/#breadcrumb"},"inLanguage":"sv-SE","potentialAction":[{"@type":"ReadAction","target":["https:\/\/vgrblogg.se\/utveckling\/2024\/06\/04\/vasterhavsveckan-webbkarta-och-oppna-data\/"]}]},{"@type":"ImageObject","inLanguage":"sv-SE","@id":"https:\/\/vgrblogg.se\/utveckling\/2024\/06\/04\/vasterhavsveckan-webbkarta-och-oppna-data\/#primaryimage","url":"https:\/\/vgrblogg.se\/utveckling\/wp-content\/uploads\/sites\/3\/2024\/06\/Vasterhavsveckan_2024.png","contentUrl":"https:\/\/vgrblogg.se\/utveckling\/wp-content\/uploads\/sites\/3\/2024\/06\/Vasterhavsveckan_2024.png","width":977,"height":558},{"@type":"BreadcrumbList","@id":"https:\/\/vgrblogg.se\/utveckling\/2024\/06\/04\/vasterhavsveckan-webbkarta-och-oppna-data\/#breadcrumb","itemListElement":[{"@type":"ListItem","position":1,"name":"Hem","item":"https:\/\/vgrblogg.se\/utveckling\/"},{"@type":"ListItem","position":2,"name":"V\u00e4sterhavsveckan: webbkarta och \u00f6ppna data"}]},{"@type":"WebSite","@id":"https:\/\/vgrblogg.se\/utveckling\/#website","url":"https:\/\/vgrblogg.se\/utveckling\/","name":"Utveckling i VGR","description":"Inblick i utvecklingsarbetet inom VGR","publisher":{"@id":"https:\/\/vgrblogg.se\/utveckling\/#organization"},"potentialAction":[{"@type":"SearchAction","target":{"@type":"EntryPoint","urlTemplate":"https:\/\/vgrblogg.se\/utveckling\/?s={search_term_string}"},"query-input":{"@type":"PropertyValueSpecification","valueRequired":true,"valueName":"search_term_string"}}],"inLanguage":"sv-SE"},{"@type":"Organization","@id":"https:\/\/vgrblogg.se\/utveckling\/#organization","name":"Utveckling i VGR","url":"https:\/\/vgrblogg.se\/utveckling\/","logo":{"@type":"ImageObject","inLanguage":"sv-SE","@id":"https:\/\/vgrblogg.se\/utveckling\/#\/schema\/logo\/image\/","url":"https:\/\/vgrblogg.se\/utveckling\/wp-content\/uploads\/sites\/3\/2018\/02\/cropped-logotype_color-1.png","contentUrl":"https:\/\/vgrblogg.se\/utveckling\/wp-content\/uploads\/sites\/3\/2018\/02\/cropped-logotype_color-1.png","width":1234,"height":250,"caption":"Utveckling i VGR"},"image":{"@id":"https:\/\/vgrblogg.se\/utveckling\/#\/schema\/logo\/image\/"}},{"@type":"Person","@id":"https:\/\/vgrblogg.se\/utveckling\/#\/schema\/person\/5a867bf0a80df151ec2e483ec15ff3c9","name":"Magnus Nilsson","image":{"@type":"ImageObject","inLanguage":"sv-SE","@id":"https:\/\/vgrblogg.se\/utveckling\/#\/schema\/person\/image\/","url":"https:\/\/secure.gravatar.com\/avatar\/aa666eaf797c3ca4d0492450cd59249b?s=96&d=mm&r=g","contentUrl":"https:\/\/secure.gravatar.com\/avatar\/aa666eaf797c3ca4d0492450cd59249b?s=96&d=mm&r=g","caption":"Magnus Nilsson"},"url":"https:\/\/vgrblogg.se\/utveckling\/author\/magnusnilssonvgr\/"}]}},"_links":{"self":[{"href":"https:\/\/vgrblogg.se\/utveckling\/wp-json\/wp\/v2\/posts\/2903"}],"collection":[{"href":"https:\/\/vgrblogg.se\/utveckling\/wp-json\/wp\/v2\/posts"}],"about":[{"href":"https:\/\/vgrblogg.se\/utveckling\/wp-json\/wp\/v2\/types\/post"}],"author":[{"embeddable":true,"href":"https:\/\/vgrblogg.se\/utveckling\/wp-json\/wp\/v2\/users\/4"}],"replies":[{"embeddable":true,"href":"https:\/\/vgrblogg.se\/utveckling\/wp-json\/wp\/v2\/comments?post=2903"}],"version-history":[{"count":2,"href":"https:\/\/vgrblogg.se\/utveckling\/wp-json\/wp\/v2\/posts\/2903\/revisions"}],"predecessor-version":[{"id":2906,"href":"https:\/\/vgrblogg.se\/utveckling\/wp-json\/wp\/v2\/posts\/2903\/revisions\/2906"}],"wp:attachment":[{"href":"https:\/\/vgrblogg.se\/utveckling\/wp-json\/wp\/v2\/media?parent=2903"}],"wp:term":[{"taxonomy":"category","embeddable":true,"href":"https:\/\/vgrblogg.se\/utveckling\/wp-json\/wp\/v2\/categories?post=2903"},{"taxonomy":"post_tag","embeddable":true,"href":"https:\/\/vgrblogg.se\/utveckling\/wp-json\/wp\/v2\/tags?post=2903"}],"curies":[{"name":"wp","href":"https:\/\/api.w.org\/{rel}","templated":true}]}}