{"id":842,"date":"2017-02-01T21:02:31","date_gmt":"2017-02-01T20:02:31","guid":{"rendered":"https:\/\/vgrutv.wordpress.com\/?p=842"},"modified":"2022-07-20T14:42:50","modified_gmt":"2022-07-20T12:42:50","slug":"en-digital-arbetsplats-for-alla","status":"publish","type":"post","link":"https:\/\/vgrblogg.se\/utveckling\/2017\/02\/01\/en-digital-arbetsplats-for-alla\/","title":{"rendered":"En digital arbetsplats f\u00f6r alla (\u00e4ven kognitivt nedsatta)"},"content":{"rendered":"<h2><a href=\"http:\/\/webbstrategiforalla.se\/upload\/en-digital-arbetsplats-for-alla-marcus-osterberg.epub\"><img decoding=\"async\" class=\"alignright\" style=\"border: 1px solid #000000\" src=\"https:\/\/vgrblogg.se\/utveckling\/wp-content\/uploads\/sites\/3\/2017\/02\/omslag-150x150.jpg\" alt=\"Omslag till e-boken En digital arbetsplats f\u00f6r alla\" \/><\/a>Inledning<\/h2>\n<p>Ett projektarbete skrivet av <a href=\"https:\/\/marcusosterberg.se\/\">Marcus \u00d6sterberg<\/a>, utvecklingsledare inom avdelningen V\u00e5rdens digitalisering, V\u00e4stra G\u00f6talandsregionens koncernkontor.<br \/>\nProjektarbetet \u00e4r en del av kursen &#8221;Universell utformning &#8211; designperspektiv, metoder och utv\u00e4rdering&#8221; p\u00e5 Lunds Universitet, HT 2016.<\/p>\n<p>Detta projektarbete anv\u00e4nder principer fr\u00e5n universal design f\u00f6r att utforma exempelanv\u00e4ndare &#8211; s\u00e5 kallade personas &#8211; f\u00f6r att ge en nyanserad bild av vilka de t\u00e4nkbara anv\u00e4ndarna \u00e4r. Mottagare av dessa personas \u00e4r ansvariga f\u00f6r intran\u00e4tprojektet inom V\u00e4stra G\u00f6talandsregionen. Ett projekt med ambition att hj\u00e4lpa de anst\u00e4llda att vara produktiva med de digitala verktyg som erbjuds &#8211; en s\u00e5 kallad \u201cdigital arbetsplats\u201d.<!--more--><\/p>\n<p>En digital arbetsplats som \u00e4r designad f\u00f6r alla, inte bara f\u00f6r de stunder n\u00e4r den b\u00e4sta t\u00e4nkbara anst\u00e4llde \u00e4r p\u00e5 sin funktionella toppniv\u00e5.<\/p>\n<blockquote><p>\u201dUniversell utformning, eller Universal Design som det heter i internationella sammanhang, \u00e4r extra kittlande eftersom det handlar om alla m\u00e4nniskor, inte enbart personer med funktionsneds\u00e4ttningar. Det st\u00e5r f\u00f6r ett m\u00e5ngfaldst\u00e4nkande, d\u00e4r designen och designprocesserna handlar lika mycket om den som \u00e4r v\u00e4nsterh\u00e4nt eller h\u00f6gerh\u00e4nt, introvert eller extrovert som hur mycket en person r\u00e5kar se eller kan r\u00f6ra sig.\u201d<br \/>\n&#8211; Per-Olof Hedvall i &#8221;Att s\u00e5 vidare&#8221; (2015) [^1]<\/p><\/blockquote>\n<h2>Problemformulering<\/h2>\n<p>En h\u00f6gst naturlig del av den m\u00e4nskliga anv\u00e4ndarupplevelsen \u00e4r att ha s\u00e5v\u00e4l med- som motg\u00e5ngar. Men hur v\u00e4ldesignade \u00e4r de verktyg som av arbetsgivaren erbjuds de anst\u00e4llda. Har man s\u00e4rskilda verktyg f\u00f6r de med s\u00e4rskilda behov, eller \u00e4r grundfunktionen alltid utformad f\u00f6r universell anv\u00e4ndning?<\/p>\n<p>Det h\u00e4r projektarbetet avser belysa behoven f\u00f6r de digitala verktyg som erbjuds p\u00e5 min egen arbetsplats, hur v\u00e4l de f\u00f6ljer Universell utformning och n\u00e4rliggande anv\u00e4ndarcentrerade designprinciper. Perspektivet \u00e4r att nyansera vem som \u00e4r en trolig anv\u00e4ndare och i vilka sammanhang denne kan befinna sig i. Eller som Eric Meyer och Sara Wachter-Boettcher uttryckte det handlar detta om \u201cvanliga m\u00e4nniskor\u201d, \u00e4ven n\u00e4r de inte \u00e4r p\u00e5 topp. Det vi beh\u00f6ver \u00e4r:<\/p>\n<blockquote><p>\u201c\u2026a design process that vet new features, content, or interaction against less-than-ideal user scenarios\u201d<br \/>\n&#8211; Boken &#8221;Design for Real Life&#8221; (2016) [^2]<\/p><\/blockquote>\n<h2>Om universell utformning<\/h2>\n<p>Den vanligaste definitionen av begreppet Universell utformning (ocks\u00e5 k\u00e4nt som Universal design), enligt Steinfeld och Maisel [^3], \u00e4r:<\/p>\n<blockquote><p>&#8221;The design of products and environments to be usable by all people, to the greatest extent possible, without the need for adaptation or specialized design.\u201d<br \/>\n&#8211; Mace (1985) [^4]<\/p><\/blockquote>\n<p>I samma bok, p\u00e5 samma sida, h\u00e4nvisar man ocks\u00e5 till sl\u00e4ktskapet till det f\u00f6r svenskar kanske mer bekanta eller sj\u00e4lvf\u00f6rklarande begreppet \u201cdesign f\u00f6r alla\u201d &#8211; \u201cdesign for all\u201d:<\/p>\n<blockquote><p>\u201d\u2026design for human diversity, social inclusion, and equality.\u201d<br \/>\n&#8211; Design for All Europe (2008)[^5]<\/p><\/blockquote>\n<p>Universell utformning kan enligt Bettye Rose Connell (et al [^6]) grupperas i sju principer som hj\u00e4lp f\u00f6r att bevaka anv\u00e4ndarnas intresse n\u00e4r n\u00e5got ska designas. En svensk \u00f6vers\u00e4ttning av principerna kan utl\u00e4sas till att n\u00e5got ska designas f\u00f6r:<\/p>\n<ol start=\"1\">\n<li>Likv\u00e4rdig anv\u00e4ndning.<\/li>\n<li>Flexibilitet i anv\u00e4ndning.<\/li>\n<li>Enkel och intuitiv anv\u00e4ndning.<\/li>\n<li>Uppfattbar information.<\/li>\n<li>Tolerans f\u00f6r misstag.<\/li>\n<li>L\u00e5g fysisk anstr\u00e4ngning.<\/li>\n<li>Storlek och utrymme f\u00f6r \u00e5tkomst och anv\u00e4ndning<\/li>\n<\/ol>\n<p>De personas som f\u00f6resl\u00e5s i detta projektarbete kommer att ha b\u00e5de varierande f\u00f6rm\u00e5gor men ocks\u00e5 varierande dagsform. Extra fokus kommer hamna p\u00e5 princip tv\u00e5 till fem d\u00e5 det handlar om interaktion med digitala verktyg.<\/p>\n<p>F\u00f6rhoppningen \u00e4r att skapa igenk\u00e4nning f\u00f6r \u00e5tminstone n\u00e5gon persona, att man d\u00e4rmed k\u00e4nner med den personan baserat p\u00e5 egen erfarenhet och p\u00e5 s\u00e5 vis har en empatisk inst\u00e4llning vid framtida designbeslut.<\/p>\n<h2>Sammanhanget &#8211; vem \u00e4r den anst\u00e4llde\/anv\u00e4ndare?<\/h2>\n<p>Organisationen som \u00e4r i fokus h\u00e4r \u00e4r V\u00e4stra G\u00f6talandsregionen (VGR). I VGR ing\u00e5r landstinget och dess sjukv\u00e5rd med ett av nordeuropas fr\u00e4msta h\u00f6gspecialiserade sjukhus &#8211; Sahlgrenska Universitetssjukhuset &#8211; men ocks\u00e5 prim\u00e4rv\u00e5rd, tandv\u00e5rd, ett g\u00e4ng muse\u00e9r, folkh\u00f6gskolor, naturbruksgymnasier, teatrar, folkh\u00e4lsa, utveckling av n\u00e4ringsliv, G\u00f6teborgsoperan, samt all kollektivtrafik i form av V\u00e4sttrafik, och en del till.<\/p>\n<p>VGR har sin verksamhet \u00f6ver en geografisk yta man delar med 49 kommuner och har en befolkning om cirka 1,6 miljoner inv\u00e5nare. Av dessa \u00e4r drygt 50 000 anst\u00e4llda inom n\u00e5gon verksamhet inom VGR, varav nio av tio jobbar med h\u00e4lso- och sjukv\u00e5rd [^7] i n\u00e5gon form.<\/p>\n<p>Det \u00e4r en region med mycket stora regionala skillnader. Hela landskapet Dalsland, i norr med knappt 50 000 inv\u00e5nare [^8], \u00e4r j\u00e4mf\u00f6rbar [^9] med G\u00f6teborgs f\u00f6rort Angered i nordost.<\/p>\n<p>F\u00f6rhoppningsvis k\u00e4nns det uppenbart att en s\u00e5dan arbetsgivare drar nytta av medborgarnas fulla potential, drar nytta av m\u00e4nniskors olikheter och inte s\u00e4tter upp barri\u00e4rer.<\/p>\n<h2>Fokus p\u00e5 kognition<\/h2>\n<p>Definition av kognition:<\/p>\n<blockquote><p>\u201cThe mental action or process of acquiring knowledge and understanding through thought, experience, and the senses.\u201d<br \/>\n&#8211; <a href=\"https:\/\/en.oxforddictionaries.com\/definition\/cognitionProjektinomUniversalDesign.xhtml\">Oxford Living Dictionaries<\/a>, h\u00e4mtat 24 nov, 2016<\/p><\/blockquote>\n<p>Extra stort fokus \u00e4r lagt p\u00e5 beskriva och problematisera anv\u00e4ndarnas kognitiva f\u00f6rm\u00e5ga och hur omst\u00e4ndigheterna runt omkring anv\u00e4ndaren kan p\u00e5verka detta. Kognition \u00e4r intressant d\u00e5 det ger en extra dimension p\u00e5 sv\u00e5righeten med design ut\u00f6ver behoven av strikt fysisk tillg\u00e4nglighet och ergonomi. Galjonsfigur f\u00f6r inkluderande service och tillg\u00e4nglighet \u00e4r annars de som anv\u00e4nder rullstol &#8211; t\u00e4nk bara p\u00e5 symbolen &#8211; och inom digitala sammanhang n\u00e4stan alltid de med nedsatt syn.<\/p>\n<p>F\u00f6rutom att blinda, d\u00f6va, de i rullstol med flera \u00e4ven de kan lida &#8211; tempor\u00e4rt eller permanent &#8211; av kognitiva neds\u00e4ttningar \u00e4r det ocks\u00e5 n\u00e5got som kan skapa igenk\u00e4nning bland de som inte sj\u00e4lva uppfattar sig som funktionsnedsatta, tror jag. Mer om det senare.<\/p>\n<p>Hur designas en digital arbetsplats p\u00e5 ett inkluderande s\u00e4tt ang\u00e5ende kognition ur olika aspekter? Vilka designbeslut p\u00e5verkar anv\u00e4ndarens f\u00f6rm\u00e5ga att uppfatta och bearbeta information till kunskap. Och vilka vanliga sv\u00e5righeter finns?<\/p>\n<p>Ur ovan n\u00e4mnda definition av begreppet kognition kan man utl\u00e4sa att det har med anv\u00e4ndarens egen f\u00f6rm\u00e5ga och egen erfarenhet att g\u00f6ra. Men ocks\u00e5 att det handlar om \u201cthe senses\u201d, allts\u00e5 vad som g\u00e5r att uppfatta. Detta \u00e4r vinkeln p\u00e5 projektarbetet &#8211; vad under en vanlig arbetsdag \u00e4r m\u00f6jligg\u00f6rare eller potentiella hinder f\u00f6r att uppfatta, bearbeta och delta p\u00e5 ett intuitivt s\u00e4tt i den digitala arbetsplatsen.<\/p>\n<h3>Kognitivt nedsatta i arbetsf\u00f6r \u00e5lder<\/h3>\n<p>Har man en strikt medicinsk inst\u00e4llning till n\u00e4r n\u00e5gon \u00e4r kognitivt nedsatt finns det m\u00e5nga studier och uppskattningar p\u00e5 omr\u00e5det. Dock varierar spr\u00e5kbruket och klassificeringarna vilket f\u00f6rsv\u00e5rar en mer exakt j\u00e4mf\u00f6relse. En ambiti\u00f6s sammanst\u00e4llning av ett flertal av dessa studier gjordes av Arbetsmilj\u00f6verket till kunskapssammanst\u00e4llningen \u201cDen hj\u00e4rnv\u00e4nliga arbetsplatsen \u2013 kognition, kognitiva funktionsneds\u00e4ttningar och arbetsmilj\u00f6\u201d, publicerad 2014 [^10]. Tabell 3 (sida 24) ger vid handen att personer med en neurologisk-medicinsk diagnos &#8211; enligt kodverket International Classification of Disorders (ICD-10) &#8211; som medf\u00f6r en s\u00e4nkt kognitiv f\u00f6rm\u00e5ga \u00e4r i spannet 13,4-17,2 % av personer i arbetsf\u00f6r \u00e5lder, utifr\u00e5n en svensk arbetsmarknad. I och med att de utg\u00e5r fr\u00e5n en svensk arbetsmarknad har malaria och andra mycket ovanliga \u00e5kommor l\u00e5g vikt i sammanst\u00e4llningen.<\/p>\n<blockquote><p>\u201cEn f\u00f6rsta uppgift blev att skapa en \u00f6versiktlig uppfattning om f\u00f6rekomsten av de neurologiska, systemiska och psykiatriska sjukdomar samt funktionsneds\u00e4ttningar som kan f\u00f6rknippas med kognitiva problem bland personer i arbetsf\u00f6r \u00e5lder (18\u201365 \u00e5r).\u201d<br \/>\n&#8211; Arbetsmilj\u00f6verket [^11]<\/p><\/blockquote>\n<p>Tittar man p\u00e5 prevalensen av psykiatriska sjukdomar (sida 25 i Arbetsmilj\u00f6verkets kunskapssammanst\u00e4llning) f\u00e5r man fram personer som har ADHD, autism, bipol\u00e4r sjukdom, depression, \u00e5ngestsyndrom och schizofreni. Dessa utg\u00f6r 11,3 till 18,4 % av underlaget av de i arbetsf\u00f6r \u00e5lder enligt studierna. Man b\u00f6r \u00e4ven v\u00e4ga in att m\u00e5nga andra diagnoser &#8211; de som kallas systemiska &#8211; har b\u00e4ring p\u00e5 kognitiv funktion. Exempelvis att 4,4 % har diabetes. Totalt har 11,3 till 18,4 % av arbetsf\u00f6ra n\u00e5gon form av systemisk sjukdom.<\/p>\n<p>Man kan givetvis inte addera dessa siffror f\u00f6r att komma fram till ett statistiskt s\u00e4kerst\u00e4llt resultat eftersom en person d\u00e5 kan r\u00e4knas dubbelt, allts\u00e5 ha b\u00e5de diabetes<br \/>\noch\u00a0depression samtidigt, exempelvis. Arbetsmilj\u00f6verket h\u00e4nvisar till en rapport fr\u00e5n V\u00e4rldsh\u00e4lsoorganisation WHO[^12] d\u00e4r den sammanlagda prevalensen uppges till 274,98 %. Det kan ge b\u00e5de en indikation om multisjukdom samt att en kognitiv neds\u00e4ttning \u00e4nd\u00e5 \u00e4r ganska utbredd, att det inte handlar om en f\u00f6rsumbar andel av befolkningen.<\/p>\n<blockquote><p>\u201dH\u00f6gt r\u00e4knat har 55 procent av befolkningen \u2013 kroniskt, \u00e5terkommande eller vid n\u00e5got tillf\u00e4lle utstr\u00e4ckt \u00f6ver l\u00e4ngre tid \u00e4n n\u00e5gra m\u00e5nader \u2013 en sjukdom som kan f\u00f6ra med sig kognitiva problem. Detta understryker vikten av att f\u00f6rst\u00e5 arbetsmilj\u00f6aspekter av kognitiva funktionsneds\u00e4ttningar.\u201d<br \/>\n&#8211; Arbetsmilj\u00f6verket [^13]<\/p><\/blockquote>\n<h4>Ibland dubbel sv\u00e5righet &#8211; svenska som andraspr\u00e5k och sjukdom<\/h4>\n<p>Vi lever dock i f\u00f6r\u00e4nderliga tider. Med invandring \u00e4ndras dessa siffror. Integration och en inkluderande arbetsmarknad f\u00f6rsv\u00e5ras av att invandrare m\u00e5r s\u00e4mre, b\u00e5de fysiskt och psykiskt, \u00e4n den \u00f6vriga befolkningen (Ignes och Stenberg, 2008 [^14]). Tittar man specifikt p\u00e5 en av \u00e5kommorna &#8211; KOL (Kronisk Obstruktiv Lungsjukdom) &#8211; har Arbetsmilj\u00f6verkets sammanst\u00e4llning kommit fram till prevalens p\u00e5 0,02 till 0,38 % av arbetsf\u00f6r befolkning. Tittar man d\u00e5 p\u00e5 V\u00e4stra G\u00f6talandsregionens upptagningsomr\u00e5de \u00e4r det s\u00e4rskilt i G\u00f6teborgs nord\u00f6stra del d\u00e4r KOL \u00e4r extra vanligt f\u00f6rekommande [^15] p\u00e5 grund av att en st\u00f6rre andel invandrare bosatt sig d\u00e4r.<\/p>\n<p>Om V\u00e4stra G\u00f6talandsregionens rekrytering av anst\u00e4llda ska ha ett inkluderande syns\u00e4tt \u00e4r det viktigt att designa interna digitala verktyg s\u00e5 att alla klarar av att anv\u00e4nda dem &#8211;<br \/>\n\u00e4ven\u00a0dessa medborgare &#8211; s\u00e5 de kan bidra till samh\u00e4llet som anst\u00e4llda. Att n\u00e5gon inte har svenska som modersm\u00e5l b\u00f6r inte f\u00e5 orsaka en s\u00e4mre upplevelse av sin arbetsplats. D\u00e5 beh\u00f6ver den digitala arbetsplatsen inte bara erbjuda flera spr\u00e5k utan ocks\u00e5 v\u00e4rna om all den kognitiva variation v\u00e5ra anst\u00e4llda har. Annars blir vissa grupper av befolkningen dubbelt exkluderade fr\u00e5n arbetsmarknaden \u00e4ven p\u00e5 arbetsplatser som bedriver samh\u00e4llsservice f\u00f6r allas v\u00e5ra skattepengar.<\/p>\n<h3>Sammanfattning kring kognition<\/h3>\n<p>Men, nedsatt kognition \u00e4r n\u00e5got som troligen alla drabbas av n\u00e5gon g\u00e5ng eller har utmaning med stundvis under sina liv. I alla fall om man inte ser det ur ett v\u00e4ldigt strikt medicinskt perspektiv. Nedsatt kognition kan drabba vem som helst n\u00e4r de inte har sovit bra p\u00e5 l\u00e4nge &#8211; t\u00e4nk sm\u00e5barnsf\u00f6r\u00e4ldrar &#8211; eller dagen efter firmafesten. \u00c4ven om man betraktar sig sj\u00e4lv som h\u00f6gfungerande \u00e4r det inte orimligt att anta att man blir okoncentrerad i slutet p\u00e5 arbetsdagen eller har ett h\u00f6gst normalt varierande k\u00e4nsloliv.<\/p>\n<p>Troligen blir en digital arbetsplats med l\u00e5ga krav p\u00e5 kognitiv f\u00f6rm\u00e5ga mer tillg\u00e4nglig och attraktiv f\u00f6r alla.<\/p>\n<p>Applicerandet i projektarbetet g\u00f6rs p\u00e5 digitala och tekniska verktyg som \u00e4r t\u00e4nkta att st\u00f6dja en anst\u00e4lld att f\u00e5 jobbet gjort och administrera sitt jobb. N\u00e5got som m\u00e5nga g\u00e5nger kallas intran\u00e4t, sj\u00e4lvservice, tidrapporteringssystem, fakturaportal, eller liknande. Kort och gott de digitala verktyg som ska underl\u00e4tta p\u00e5 arbetsplatsen.<\/p>\n<h2>Om begreppet \u201cdigital arbetsplats\u201d<\/h2>\n<p>F\u00f6rst om begreppet \u201cdigital arbetsplats\u201d. Det \u00e4r en utvidgning av begreppet \u201cintran\u00e4t\u201d och syftar till att se helheten kring de digitala verktyg och tj\u00e4nster som erbjuds en anst\u00e4lld f\u00f6r att utf\u00f6ra och administrera sitt jobb. Helheten g\u00e5r ut p\u00e5 att ge de anst\u00e4llda s\u00e5 bra f\u00f6ruts\u00e4ttningar som m\u00f6jligt f\u00f6r att m\u00f6ta de skiftande arbetsuppgifter man st\u00e4lls inf\u00f6r.<\/p>\n<p>\u00c5tminstone under 2016 fokuserar den digitala arbetsplatsen fr\u00e4mst p\u00e5 att st\u00f6tta &#8211; vad Peter F. Drucker [^16] kallade &#8211; \u201ckunskapsarbetare\u201d. En kunskapsarbetare kan idag utf\u00f6ra mycket stor del av sitt faktiska arbete inom en digital arbetsplats. D\u00e4rf\u00f6r blir det v\u00e4ldigt uteslutande om dessa verktyg inte \u00e4r designade f\u00f6r allas chans att delta. Risken \u00e4r att man genom tekniska kompromisser och d\u00e5liga designval bygger upp ett flertal barri\u00e4rer. Att respektive del av ekosystemet som utg\u00f6r en digital arbetsplats till en varierande niv\u00e5 tillgodoser de behov en enskild anv\u00e4ndare har.<\/p>\n<p>\u00c4ven anst\u00e4llda som till stor utstr\u00e4ckning jobbar med produktion av fysiska ting eller med service anv\u00e4nder den digitala arbetsplatsen. Ofta f\u00f6r att administrera sitt eget jobb eller att delta i digitala motsvarigheter till gemenskap p\u00e5 arbetsplatsen. F\u00f6r en s\u00e5dan anv\u00e4ndare blir bristf\u00e4llig design ett hinder att delta i ett sammanhang samt att man har s\u00e4mre utbyte av upplevelsen som anst\u00e4lld.<\/p>\n<p>Det finns en bild av att framtidens arbete f\u00f6r allt fler handlar om kunskapsarbete. Oscar Berg och Henrik Gustafsson beskriver det p\u00e5 f\u00f6ljande s\u00e4tt:<\/p>\n<blockquote><p>\u201cDet m\u00e4nskliga arbetets inneh\u00e5ll och natur f\u00f6r\u00e4ndras dramatiskt. \u00c4nda sedan industrialismens b\u00f6rjan har ett skifte fr\u00e5n fysiskt arbete till kunskapsarbete p\u00e5g\u00e5tt.\u201d<br \/>\n&#8211; Berg och Gustafsson (2016) [^17]<\/p><\/blockquote>\n<p>De konstaterar ocks\u00e5 &#8211; med h\u00e4nvisning till Brinkley, I., Fauth, R., et al (2009) &#8211; att den digitala arbetsplatsen allt mer s\u00e4llan har en geografisk begr\u00e4nsning genom en fysisk plats att m\u00f6tas p\u00e5.<\/p>\n<blockquote><p>\u201cI digitaliseringens tidevarv blir kunskapsarbetet alltmer oberoende av plats, tid och fysiska material. M\u00e4ngden kunskapsarbete \u00f6kar samtidigt i f\u00f6rh\u00e5llande till det fysiska arbetet inom i princip alla yrken.\u201d<br \/>\n&#8211; Berg och Gustafsson (2016) [^18]<\/p><\/blockquote>\n<p>Till viss del &#8211; och f\u00f6r vissa med s\u00e4rskilda kombinationer av f\u00e4rdigheter &#8211; \u00e4r den digitala arbetsplatsen mer tillg\u00e4nglig \u00e4n den med en fysisk plats.<\/p>\n<p>F\u00f6r att inte exkludera vissa m\u00e4nniskor m\u00e5ste vi designa den digitala arbetsplatsen p\u00e5 ett h\u00e5llbart s\u00e4tt. Vi beh\u00f6ver n\u00e5 insikt i vilka de varierande f\u00f6ruts\u00e4ttningar \u00e4r och v\u00e4cka empati f\u00f6r anv\u00e4ndarnas behov. F\u00f6r att adressera detta kommer personas kompletteras med exempel p\u00e5 deras sammanhang i yrket och belysa vardagliga utmaningar f\u00f6r att delta i den digitala arbetsplatsen.<\/p>\n<h2>Genomf\u00f6rande: Metod f\u00f6r anv\u00e4ndarmedverkan<\/h2>\n<p>Projektarbetet \u00e4r (med)skapat tillsammans med representativa anv\u00e4ndare. I slutet av projektredog\u00f6relsen kan du l\u00e4sa om deras input.<\/p>\n<p>En mix av metoder har anv\u00e4nts fr\u00e5n boken Universal Methods of Design[^19]:<\/p>\n<ol start=\"1\">\n<li><b>Personas\u00a0<\/b>(metod 63) \u2013 utg\u00e5 fr\u00e5n de stora yrkesgrupperna inom V\u00e4stra G\u00f6talandsregionen och belysa hur en d\u00e5lig dag ser ut j\u00e4mf\u00f6rt med en bra dag.<\/li>\n<li><b>Simulering\u00a0<\/b>(metod 77) \u2013 h\u00e4r \u00e4r jag sj\u00e4lv anv\u00e4ndaren och har t\u00e4nkt dokumentera stickprov av anekdotm\u00e4ssiga fynd som nyanserade exempel. Som syntetiska prestandatester av mobiln\u00e4tet p\u00e5 str\u00e4ckor v\u00e5ra busschaff\u00f6rer reser, m.m.<\/li>\n<li><b>Enk\u00e4t\u00a0<\/b>(metod 83) &#8211; st\u00e4lla fr\u00e5gor om f\u00f6rv\u00e4ntan, erfarenheter och f\u00f6rhoppning kring den digitala arbetsplatsen.<\/li>\n<li><b>Intervjuer\u00a0<\/b>(metod 48) \u2013 st\u00e4mma av och f\u00e5 input om de utmaningar anv\u00e4ndare har kring kognition i den digitala arbetsmilj\u00f6n, baserat p\u00e5 deras egna erfarenheter. Med andra ord \u201dexpertanv\u00e4ndare\u201d, de som \u00e4r experter p\u00e5 sin egen dagliga utmaning oavsett om de har det varje dag eller bara emellan\u00e5t.<\/li>\n<\/ol>\n<p>I vissa fall blir det intervjuer och simulering i form av att jag kontrollerar vilken chans en anv\u00e4ndare har att vara lyckosam i sitt anv\u00e4ndarupplevelse som anst\u00e4lld. Exempelvis potentiell uppkoppling busschaffisarna har till mobiln\u00e4tet via den upphandlade leverant\u00f6ren Tele2 (f\u00f6r att ta reda p\u00e5 hur v\u00e4l mobiln\u00e4tet fungerar f\u00f6r exempelvis streaming av poddar).<\/p>\n<h2>Resultat av enk\u00e4t: Arbetsplatsen \u00e4r idag mobil och full av distraktioner<\/h2>\n<p>Efter utf\u00f6rd enk\u00e4t riktad till tjugotalet kollegor som jobbar p\u00e5 kontor, samt \u00f6ppen inbjudan p\u00e5 intern socialt media bland de som jobbar med regionutvecklingsfr\u00e5gor, fick jag in 23 svar.<\/p>\n<p>Nedan f\u00f6ljer fr\u00e5gor, bakgrundsbeskrivningar vid behov och redovisning av svar.<\/p>\n<h3>Fr\u00e5ga: \u201cHur m\u00e5nga olika platser jobbar du fr\u00e5n under en vanlig m\u00e5nad? T\u00e4nk ett enskilt kontorslandskap som en plats, en viss konferensanl\u00e4ggning som en annan, p\u00e5 t\u00e5get som en tredje, och s\u00e5 vidare\u201d<\/h3>\n<p>Dessa kollegor f\u00e5r nog betraktas som urtypen av kontorsarbetare, men det tydligt att man \u00e4r v\u00e4ldigt mobil i sin arbetssituation. 56 % uppger att de en helt normal m\u00e5nad befinner sig p\u00e5 fem eller fler platser. Exempelvis konferensanl\u00e4ggningar, jobbar p\u00e5 t\u00e5get, fr\u00e5n hemmet, diverse kontor, med mera. Ingen anser att de en normal m\u00e5nad bara \u00e4r p\u00e5 en enda plats, \u00e5terstoden angav \u201c2-4 olika platser\u201d.<\/p>\n<h3>Fr\u00e5ga: \u201cHar du en &#8221;egen&#8221; arbetsplats?\u201d<\/h3>\n<p>\u00d6ver tre fj\u00e4rdedelar av dessa kontorsarbetare anger att de sitter i ett kontorslandskap och majoriteten har inte samma skrivbord dag efter dag. Endast 17 % har en d\u00f6rr att st\u00e4nga bakom sig, allts\u00e5 ett eget rum. En fj\u00e4rdedel uppgav att de visserligen sitter i kontorslandskap men har mutat in ett skrivbord.<\/p>\n<p>Bland kontorsarbetarna p\u00e5 VGR:s regionkontor i G\u00f6teborg g\u00e5r trenden \u00e5t en s\u00e5 kallad aktivitetsbaserad arbetsplats, det vill s\u00e4ga att man inte har en egen plats att \u00e5terv\u00e4nda till p\u00e5 sin prim\u00e4ra arbetsplats. 2018 planeras det nya huvudkontoret vara byggt. En byggnad p\u00e5 16 v\u00e5ningar strax intill centralstationen. Initiala besked \u00e4r att den n\u00e4stan enbart kommer best\u00e5 av aktivitetsbaserade kontorsplatser. Denna f\u00f6r\u00e4ndring har inte tagits emot s\u00e4rskilt v\u00e4l om man ska utg\u00e5 fr\u00e5n de synpunkter de anst\u00e4llda framf\u00f6rt i diverse forum.<\/p>\n<p>D\u00e4rf\u00f6r kan personan med uppm\u00e4rksamhetsbrist, placerad p\u00e5 ett stimmigt kontor, vara av vikt f\u00f6r att inte n\u00f6ta ner redan utsatta individer ytterligare.<\/p>\n<h3>Fr\u00e5ga: \u201cH\u00e4nder det att du har sv\u00e5rt att koncentrera dig p\u00e5 grund av ljud p\u00e5 din arbetsplats, eller d\u00e4r du arbetar?\u201d<\/h3>\n<p>N\u00e4stan h\u00e4lften svarar \u201cJa, ganska ofta\u201d, vilket var det mest kraftfulla alternativet. 22 % valde det mildare alternativet \u201cJa, ibland\u201d, 30 % valde antingen \u201cNej\u201d eller \u201cNej, aldrig\u201d.<\/p>\n<p>Det kan vara v\u00e4rt att komma ih\u00e5g att 17 % angav att de hade eget rum.<\/p>\n<p>I och med att jag som skickat ut enk\u00e4ten verkar i G\u00f6teborg, samt har min ordinarie arbetsplats p\u00e5 Lillhagsparken kan det vara v\u00e4rt att beskriva en t\u00e4nkbar bias och erfarenhet i nutid bland de som svarat. Det har vid upprepade tillf\u00e4llen flyttats runt folk p\u00e5 kontoret p\u00e5 Lillhagsparken. Dessutom \u00e4r det cirka tv\u00e5 \u00e5r sedan den aktivitetsbaserade situationen b\u00f6rjade g\u00e4lla samtliga anst\u00e4llda d\u00e4r. Det senaste tv\u00e5 \u00e5ren har man rivit byggnader strax intill, s\u00e5 det har inte varit en helt harmonisk ljudmilj\u00f6. Med andra ord en h\u00f6gst normal situation av varierande omst\u00e4ndigheter arbetsgivaren beh\u00f6ver ta h\u00f6jd f\u00f6r.<\/p>\n<h3>Fr\u00e5ga: \u201cAnser du att de IT-system och IT-verktyg arbetsgivaren erbjuder \u00e4r tillr\u00e4ckligt snabba?\u201d<\/h3>\n<p>17 % har en f\u00f6rl\u00e5tande inst\u00e4llning, de svarar antingen \u201cJa, men nog h\u00e4nder det att systemen stannar\u201d eller \u201cDet \u00e4r ok som det \u00e4r\u201d. N\u00e4stan tv\u00e5 tredjedelar tycker d\u00e4remot att \u201cNej, det beh\u00f6ver generellt bli lite b\u00e4ttre\u201d och \u00e5terst\u00e5ende 17 % valde \u201cNej, verkligen inte bra nog\u201d. Ingen valde alternativet \u201cJa, f\u00f6r det mesta g\u00e5r det snabbt nog\u201d.<\/p>\n<p>Just kring prestanda och upplevd snabbhet i interaktiva system \u00e4r detta riktigt illa, mer om det kommer nedan om de syntetiska prestandatesterna. I all korthet tycks Perfetti och Landesman (2006) [^20] ha hittat ett samband mellan upplevd prestanda och ifall anv\u00e4ndarna varit lyckosamma i att anv\u00e4nda systemet. Ett v\u00e4lfungerande system k\u00e4nns helt enkelt mindre tr\u00f6gt. Kanske i fallet med de som svarat h\u00e4r \u00e4r det frustration \u00f6ver systemens anv\u00e4ndarfr\u00e5nv\u00e4nda design som recenseras, snarare \u00e4n den faktiska hastigheten?<\/p>\n<h3>Fr\u00e5ga: \u201cHar du en &#8221;smart&#8221; tj\u00e4nstemobil eller anv\u00e4nder en privat &#8221;smart&#8221; mobil i tj\u00e4nsten?\u201d<\/h3>\n<p>Samtliga svarar ja.<\/p>\n<p>Tittar jag runt p\u00e5 kontoren s\u00e5 \u00e4r det fr\u00e4mst Apple-telefoner som syns till.<\/p>\n<h3>Fr\u00e5ga: \u201cAnv\u00e4nder du mobilen till andra arbetsuppgifter \u00e4n att ringa med? Exempelvis e-post, surfa p\u00e5 intran\u00e4t, appar i jobbet m.m.\u201d<\/h3>\n<p>Samtliga svarar ja.<\/p>\n<p>Jag gissar att det handlar om kalender, e-post och ett f\u00e5tal appar som st\u00f6djer kommunikation och projekthantering. Det \u00e4r vad jag sett hos kollegor. M\u00e5nga har nog bara en mobil och anv\u00e4nder d\u00e4rf\u00f6r jobbmobilen \u00e4ven i privata sammanhang.<\/p>\n<h3>Fr\u00e5ga: \u201cHar du f\u00f6rs\u00f6kt komma \u00e5t intran\u00e4tet, Heroma, Kom &amp; G\u00e5, Raindance eller annat informationssystem via mobilen?\u201d<\/h3>\n<p>Bakgrund: Heroma \u00e4r det personalsystem som \u00e4ven anv\u00e4nds av anst\u00e4llda f\u00f6r att s\u00f6ka semester m.m., Kom &amp; G\u00e5 \u00e4r st\u00e4mpelklockan och Raindance \u00e4r ekonomisystemet som en vanlig anst\u00e4lld m\u00e5ste anv\u00e4nda f\u00f6r att attestera fakturor.<\/p>\n<p>Knappt tre fj\u00e4rdedelar svarar \u201cJa, men det fungerade inte bra nog\u201d, 20 % trodde inte att det var m\u00f6jligt och 4 % tyckte \u201cJa, det gick helt ok\u201d.<\/p>\n<p>Majoriteten har allts\u00e5 f\u00f6rs\u00f6kt med n\u00e5got som b\u00f6r omfattas av en digital och mobil arbetsplats men misslyckats, endast en individ av 23 lyckades vara mobil i sin anv\u00e4ndning.<\/p>\n<p>Nu finns det appar p\u00e5 Apple Appstore och Google Play f\u00f6r ovanst\u00e5ende namngivna system, n\u00e5got vissa av mina kollegor uppt\u00e4ckt. Dock har inte VGR r\u00e4tt avtal med leverant\u00f6ren s\u00e5 dessa appar har inte fungerat f\u00f6r de som f\u00f6rs\u00f6kt.<\/p>\n<p>Dessutom finns det inget internt v\u00e4lanv\u00e4nt system, intran\u00e4t eller portal som \u00e4r designat responsivt. Allts\u00e5 \u00e4r det ofta l\u00f6nl\u00f6st s\u00e5 h\u00e4r l\u00e5ngt att f\u00f6rs\u00f6ka utf\u00f6ra arbetsuppgifter via mobilen.<\/p>\n<h3>Fr\u00e5ga: \u201cR\u00e4knar du med att arbetsgivarens system \u00e4r tillg\u00e4ngliga i mobilen?\u201d<\/h3>\n<p>En fj\u00e4rdedel svarar kort och gott \u201cJa\u201d, och 39 % valde \u201cKanske inte alla system, men ett flertal borde v\u00e4l vara det\u201d. Drygt 30 % svarade lite uppfordrande att \u201cNej, r\u00e4knar inte med det, men anser att det<br \/>\nborde\u00a0vara s\u00e5\u201d.<\/p>\n<p>Med tanke p\u00e5 att det n\u00e4sta \u00e5r \u00e4r tio \u00e5r sedan Iphone lanserades och gjorde smarta mobiler till ett naturligt och oumb\u00e4rligt redskap f\u00f6r ganska m\u00e5nga \u00e4r det s\u00e4kert m\u00e4rkligt f\u00f6r m\u00e5nga att arbetsgivaren inte h\u00e4nger med.<\/p>\n<h3>Fr\u00e5ga: \u201cDu som anv\u00e4nder Kom-o-G\u00e5: Vet du vilket format p\u00e5 personnummer systemet st\u00f6djer? T\u00e4nk \u00e5rhundrade, med eller utan bindestreck, etc.\u201d<\/h3>\n<p>Bakgrund: Kom-o-G\u00e5 \u00e4r den st\u00e4mpelklocka som arbetsgivaren f\u00f6rv\u00e4ntar sig att de anst\u00e4llda anv\u00e4nder f\u00f6r att redovisa tid. Oftast i form av utplacerade datorer (med tangentbord och mus som styrdon) i entr\u00e9er och korridorer p\u00e5 arbetsplatsen.<\/p>\n<p>56 % identifierar sig p\u00e5 annat s\u00e4tt \u00e4n via personnummer eller uppgav \u201cAnnat\u201d. De som valde \u201cJa, och det funkar varje g\u00e5ng jag skriver in p\u00e5 mitt s\u00e4tt\u201d \u00e4r 17 %. Den \u00e5terst\u00e5ende 26 % hyste st\u00f6rre tvekan kring vilket format som f\u00f6rv\u00e4ntades i st\u00f6rsta allm\u00e4nhet eller just av det specifika systemet.<\/p>\n<h3>Fr\u00e5ga: \u201cI vilken utstr\u00e4ckning k\u00e4nner du dig s\u00e4ker p\u00e5 vilket format IT-system f\u00f6rv\u00e4ntar sig? Exempelvis personnummer, telefonnummer, m.m.\u201d<\/h3>\n<p>H\u00e4r var svarsalternativen i en skala graderad fr\u00e5n 1 till 5. I ettans \u00e4nde var texten \u201cMycket s\u00e4ker, g\u00f6r aldrig fel\u201d och i femmans \u00e4nde \u201cMycket os\u00e4ker, tvekar varje g\u00e5ng\u201d.<\/p>\n<p>17 % anger 1-2 i hur s\u00e4kra de \u00e4r och att de n\u00e4stan aldrig g\u00f6r fel. Alternativ 3 och 4 fick 56 % och de som var mycket os\u00e4kra var en dryg fj\u00e4rdedel. Med andra ord finns en utbredd tvekan\/os\u00e4kerhet kring hur man f\u00f6rv\u00e4ntas ange vissa magiska serier av siffror eller bokst\u00e4ver.<\/p>\n<p>Vid simulering &#8211; beskrivet mer i detalj nedan &#8211; inser jag att det i vissa system som erbjuds inom VGR maskeras vad man fyllt i och d\u00e4rmed f\u00f6rsv\u00e5rar l\u00e4randet av vad man gjort fel. Samt att vissa varianter av personnummer st\u00f6ds medan andra inte fungerar.<\/p>\n<p>Beroende p\u00e5 vem man lyssnar p\u00e5 finns det sex eller sju varianter som n\u00e5gon kan ange ett personnummer. Om det \u00e4r n\u00e5got system \u00e4r bra p\u00e5 \u00e4r det att utan knussel validera information och omvandla inmatade uppgifter. Det \u00e4r nog sj\u00e4lva definitionen av ADB (Automatisk DataBehandling). Eller som konverteringsoptimeraren John Ekman [^21] uttrycker det ang\u00e5ende validering av personnummer:<\/p>\n<blockquote><p>\u201dL\u00e4gg skulden p\u00e5 dig sj\u00e4lv, inte p\u00e5 anv\u00e4ndaren\u201d<\/p><\/blockquote>\n<h3>Fr\u00e5ga: \u201cHar du pr\u00f6vat att skriva ut fr\u00e5n en mobiltelefon? Om ja, hur var den anv\u00e4ndarupplevelsen? Om nej, tror du att du skulle klara av den uppgiften?\u201d<\/h3>\n<p>Lite beskrivning av sammanhanget: Mycket av administrationen av sitt jobb handlar om att skriva ut papper, signera dem, l\u00e4mna till chefen f\u00f6r godk\u00e4nnande, m.m. \u00c4ven om man f\u00f6rs\u00f6ker undvika utskrifter \u00e4r det sv\u00e5rt, bland annat kan du inte f\u00e5 ers\u00e4ttning f\u00f6r utl\u00e4gg, reser\u00e4kningar eller liknande p\u00e5 annat s\u00e4tt. Dock \u00e4r m\u00e5nga skrivare (samtliga av de jag st\u00f6tt p\u00e5) beh\u00f6righetsskyddade via n\u00e4tverket vilket f\u00f6rsv\u00e5rar utskrifter, samt att de i flertalet fall inte anses existera enligt Windows funktion f\u00f6r att l\u00e4gga till skrivare.<\/p>\n<p>M\u00e5nga av skrivarna st\u00f6djer visserligen utskrifter (enbart av PDF-filer) om man har filerna p\u00e5 ett USB-minne, men det \u00e4r sv\u00e5rt att f\u00e5 en fil fr\u00e5n mobilen till ett USB-minne.<\/p>\n<p>Svar p\u00e5 valfri fritextfr\u00e5ga:<\/p>\n<ul>\n<li>Nej, tror ej det finns st\u00f6d f\u00f6r detta i VGR<\/li>\n<li>Har f\u00f6rs\u00f6kt, men gick ej<\/li>\n<li>Skriver ofta ut fr\u00e5n mobilen, b\u00e5de privat och fr\u00e5n jobb mobilen.<\/li>\n<li>Ja, det gick bra<\/li>\n<li>Med AirPrint fungerar det hur bra som helst. J\u00e4ttesmidigt fr\u00e5n mobil, enklare \u00e4n att skriva ut fr\u00e5n dator. Aldrig ens f\u00f6rs\u00f6kt p\u00e5 jobbet.<\/li>\n<li>Nej, aldrig testat. och eftersom det \u00e4r helt om\u00f6jligt f\u00f6r v\u00e5ra skrivare att hantera min mac, som inte \u00e4r ansluten till VGR-IT:s &#8221;kontroll&#8221; s\u00e5 tog jag f\u00f6r givet att utskrifter fr\u00e5n telefon l\u00e5g L\u00c5\u00c5\u00c5\u00c5\u00c5\u00c5NGT in i framtiden, om det ens alls skulle kunna t\u00e4nkas fungera.<\/li>\n<li>nej men skulle nog kunna<\/li>\n<li>Jag hade r\u00e5dgjort med n\u00e5gon arbetskollega.<\/li>\n<li>Aldrig pr\u00f6vat, vet inte hur jag ska b\u00e4ra mig \u00e5t<\/li>\n<li>Bara privat fr\u00e5n en skrivare som \u00e4r tr\u00e5dl\u00f6s. Mycket n\u00f6jd. Dock l\u00e4gger sig den skrivaren som ett n\u00e4tverk, vilket ju krockar om jag vill surfa och gl\u00f6mmer att den har den &#8221;platsen&#8221;. Inte testat i VGR, g\u00e5r det ens?<\/li>\n<li>Nej. Skulle absolut klara av det.<\/li>\n<li>Nej, r\u00e4knar inte med att skrivarna i organisationen st\u00f6djer den funktionen<\/li>\n<li>Nej, min telefon \u00e4r inte ansluten till VGR-n\u00e4t.<\/li>\n<li>Jag har inte gjort detta men skulle tro att det inte \u00e4r mer komplicerat \u00e4n att jag skulle klara av det, kanske med en instruktion f\u00f6rsta g\u00e5ngen.<\/li>\n<li>Ja hemma, via RaspberryPi<\/li>\n<li>Nej<\/li>\n<li>Nej inte p\u00e5 jobbet<\/li>\n<li>Fungerar alldeles utm\u00e4rkt men anv\u00e4nder det bara i undantagsfall<\/li>\n<li>Nej, fungerar det? Hur ska man komma \u00e5t skrivaren fr\u00e5n mobilen?<\/li>\n<li>nej det har jag inte gjort men jag skulle klara det<\/li>\n<li>Ja, det fungerade hemma<\/li>\n<li>Har provat hemma. Det var inte helt enkelt att skriva ut dokument. L\u00e4ttare att skriva ut en bild. f\u00f6ljde ingen riktig logik. Fast kanske att jag \u00e4r korkad, jag vet inte<\/li>\n<\/ul>\n<p>Vissa n\u00e4mner Apple-termer som \u201cAirprint\u201d och \u201cMac\u201d. Det \u00e4r v\u00e4rt att notera att IT-avdelningen inte st\u00f6djer dessa verktyg. Nog till\u00e5ts Iphone men man ska inte r\u00e4kna med support, och Mac-datorer har f\u00f6rst nyligen g\u00e5tt att best\u00e4lla via IT-avdelningen men utan n\u00e5gon som helst support.<\/p>\n<p>Ut\u00f6ver icke-representativt m\u00e5nga Apple-intressenter bland svaranden kan man notera att de flesta verkar anse att utskrifter \u00e4r en del av att utf\u00f6ra sitt arbete.<\/p>\n<h3>Fr\u00e5ga: \u201cAvslutningsvis, har du n\u00e5gon intressant anekdot kring n\u00e4r ett IT-system p\u00e5 jobbet inte har varit hj\u00e4lpsamt?\u201d<\/h3>\n<p>Bakgrund: Det \u00e4r inte direkt ovanligt att det under fikapauser tas upp exempel p\u00e5 usla anv\u00e4ndarupplevelser och extrema sv\u00e5righeter att f\u00e5 IT-system att hj\u00e4lpa till. Under mina fem \u00e5r inom VGR \u00e4r det or\u00e4kneliga tillf\u00e4llen det i f\u00f6rtroliga samtal beskrivits &#8211; f\u00f6r ber\u00e4ttaren &#8211; obegripliga skr\u00e4ckscenarion och m\u00e5nga referenser till att det \u201cminsann \u00e4r precis som boken J\u00e4vla skitsystem\u201d av Jonas S\u00f6derstr\u00f6m [^22] beskrivs helt el\u00e4ndigt st\u00e4llt med de system vi erbjuds som anst\u00e4llda.<\/p>\n<p>D\u00e4rf\u00f6r l\u00e4mnade jag \u00f6ppningen att l\u00e4mna en anekdot om hur illa det kan vara i verkligheten. Jag har redigerat bort saker som kan t\u00e4nkas avsl\u00f6ja individen som skrivit anekdoten.<\/p>\n<p>Svar p\u00e5 valfri fritextfr\u00e5ga:<\/p>\n<ul>\n<li>IT pratar g\u00e4rna mobile first, vi har dessutom webbaserade l\u00f6sningar som borde fr\u00e4mja ett mobilt arbetss\u00e4tt men tyv\u00e4rr lirar dem bara med IE och intran\u00e4tet, vilket utesluter allt utom station\u00e4r windowsdator som har sladd i v\u00e4ggen till VGR-n\u00e4t och som \u00e4r v\u00e4lsignad av IT-avdelningen.<\/li>\n<li>Allts\u00e5, det h\u00e4nder n\u00e5got varje dag&#8230; och f\u00f6rhoppningsvis bara en g\u00e5ng inte hela tiden \ud83d\ude1b<\/li>\n<li>Tja, vi har ju ett antal ber\u00e4ttelser, men vet inte om de vare sig \u00e4r s\u00e5 intressanta eller underh\u00e5llande. Ett besv\u00e4rande exempel var ju n\u00e4r vissa verktyg inte funkade p\u00e5 andra browsers \u00e4n urgamla explorer. S\u00e5 jag fick ha en &#8221;modern&#8221; dator till allt annat, samt en dyr VGR-Dell enkom f\u00f6r att k\u00f6ra detta verktyg. Sen \u00e4r ju Raindance ett kapitel f\u00f6r sig. \u00c5lderdomligt, buggigt, opedagogiskt, trots att det \u00e4r ett system som alla chefer anv\u00e4nder. Ser ut som ett hemmabygge och fungerar ibland ungef\u00e4r lika bra. Fast jag gissar att det kostar oss n\u00e5got mer, som k\u00f6pare, \u00e4n n\u00e5got hemmasnickrat \ud83d\ude09<br \/>\nE-katalog och marknadsplatsen har ocks\u00e5 bjudit p\u00e5 en rad missf\u00f6rst\u00e5nd. Flera g\u00e5nger f\u00e5tt avst\u00e5 fr\u00e5n att k\u00f6pa saker vi beh\u00f6vt, f\u00f6r att plattformen varit bristande i sin anv\u00e4ndarv\u00e4nlighet.<\/li>\n<li>Nej, men n\u00e4r VPN har strulat har det blivit en v\u00e4ldig cirkus d\u00e4r flera arbetsdagar har g\u00e5tt till spillo. Intressant \u00e4r ocks\u00e5 att uppsatt leveransdatum f\u00f6r ny dator \u00e4r mer av en l\u00f6s f\u00f6rhoppning \u00e4n ett faktum. Min nya dator skulle ha levererats 1 maj. &#8221;Vart tog den lilla datorn v\u00e4gen, ingen som vet, ingen som vet &#8221;<\/li>\n<li>Att fylla i tj\u00e4nsteresor i ett excelark \u00e4r v\u00e4l v\u00e4ldigt gammalt. Det \u00e4r f\u00f6r kr\u00e5ngligt f\u00f6r att g\u00f6ra det varje dag, och n\u00e4r jag samlar upp m\u00e5nadsvis eller halv\u00e5rsvis s\u00e5 har jag inte all data som kvitton jag beh\u00f6ver. Vore det j\u00e4ttesv\u00e5rt att f\u00e5 in detta i mobilen, inklusive fotografera kvitton och annat som l\u00f6n vill ha? Visst ska det f\u00f6rbi chefen f\u00f6r attest, men det ska andra best\u00e4llningar ocks\u00e5.<\/li>\n<li>Raindance som h\u00e4nger sig vid kontering av fakturor och talar om att fakturan \u00e4r upptagen av annan person som visar sig vara jag sj\u00e4lv. \ud83d\ude42<\/li>\n<li>Generellt kan man v\u00e4l s\u00e4ga att KomoG\u00e5, Heroma och Raindance ser likadana ut som f\u00f6r femton \u00e5r sedan, vilket \u00e4r anm\u00e4rkningsv\u00e4rt. Heroma borde exv st\u00f6dja digitala reser\u00e4kningar ist\u00e4llet f\u00f6r att vi ska beh\u00f6va fylla i pdf:er och skriva ut.<\/li>\n<li>M\u00e5nga, men f\u00f6rtr\u00e4ngt de mesta&#8230;<\/li>\n<li>Massor- tex att det gick att svara p\u00e5 enk\u00e4ten i mobilen men ej i Browsern p\u00e5 jobbdatorn<\/li>\n<li>kom o g\u00e5 &#8211; ett riktigt r\u00f4vsystem.<\/li>\n<li>N\u00e4r jag ska installera Yammer-plugin p\u00e5 datorn f\u00f6r att f\u00e5 aviseringar, s\u00e5 \u00e4r m\u00f6jligheten att g\u00f6ra det sp\u00e4rrad.<\/li>\n<li>E-katalog saknar all logik. F\u00f6r att best\u00e4llare ska kunna ha olika kunder \u00e4r det upp till 10 knapptryckningar f\u00f6r att \u00e4ndra i profilen, logga ur och in och sedan ha bytt profil. Ist\u00e4llet f\u00f6r att kanske kunnat v\u00e4lja fr\u00e5n en dropdownlist eller annat. Helt v\u00e4rdel\u00f6st. Dessutom uppdateras inte katalog med KIV tillr\u00e4ckligt snabbt, sker en g\u00e5ng per dygn och d\u00e5 nattetid. Det g\u00e5r inte att l\u00e4sa sig till heller, d\u00e5 kr\u00e4vs kontakter p\u00e5 VGRIT som kan f\u00f6rklara hur det systemet \u00e4r uppbyggt.<\/li>\n<\/ul>\n<p>Det finns helt enkelt f\u00f6rb\u00e4ttringspotential enligt anv\u00e4ndarna sj\u00e4lva.<\/p>\n<h3>Sammanfattning av enk\u00e4t<\/h3>\n<p>Insikter n\u00e5dda med enk\u00e4ten p\u00e5verkar hur nedan personas beskrivs och hur deras sammanhang ser ut. De utmaningar och anekdoter som omn\u00e4mnts har f\u00e5tt inspirera hur en personas d\u00e5liga dag ser ut.<\/p>\n<p>Min avsikt \u00e4r att kontrastera anv\u00e4ndning och de sammanhang anv\u00e4ndarna verkar i. Hur ser en bra dag ut d\u00e4r goda f\u00f6ruts\u00e4ttningar existerar, men ocks\u00e5 en dag med st\u00f6rre sv\u00e5righeter \u00e4n genomsnittet. Glesbygd, tr\u00f6tthet, tillf\u00e4lliga skador eller andra funktionsneds\u00e4ttningar spelar in h\u00e4r.<\/p>\n<h2>Resultat i form av \u2018personas\u2019 f\u00f6r en digital arbetsplats<\/h2>\n<p>F\u00f6r att utveckla personas har jag f\u00f6rs\u00f6kt sammanfoga de olika grupperna av anst\u00e4llda till tre urtyper. Som tidigare indikerat tycks inte ens de kontorsarbetarna som besvarat enk\u00e4ten ha en fast arbetsplats d\u00e4r arbetet utf\u00f6rs. D\u00e4rf\u00f6r har alla tre personas f\u00e5tt sammanhang d\u00e4r de inte \u00e4r fj\u00e4ttrade vid en station\u00e4r dator. Detta med tanke p\u00e5 att de 90% av VGR som jobbar med v\u00e5rd i n\u00e5gon utstr\u00e4ckning beh\u00f6ver f\u00f6lja patienten eller befinna sig d\u00e4r de beh\u00f6vs mest.<\/p>\n<p>Ist\u00e4llet f\u00f6r att ha en persona som \u00e4r centrerad i v\u00e5rden har en v\u00e5rdanst\u00e4llds egenskaper spridits ut p\u00e5 mer generella personas. En extremt kortfattad introduktion till kommande personas \u00e4r f\u00f6ljande:<\/p>\n<ol start=\"1\">\n<li>Persona #1 &#8211; Vara mobil, men p\u00e5 f\u00f6ruts\u00e4gbara och \u00e5terkommande\/schemalagda platser. Som stafettl\u00e4kare, sjuksk\u00f6terskor, pedagoger, busschauff\u00f6rer mfl.<\/li>\n<li>Persona #2 &#8211; Vara mobil\u00a0och\u00a0reaktiv. Allts\u00e5 inte veta exakt var man kommer jobba dagen d\u00e4rp\u00e5 och hur f\u00f6rh\u00e5llandena \u00e4r p\u00e5 den platsen. T\u00e4nk personal i ambulanshelikopter, fastighetssk\u00f6tare, servicepersonal i gemen, med flera.<\/li>\n<li>Persona #3 &#8211; En kontorist som i allt st\u00f6rre utstr\u00e4ckning \u00e4r \u201ch\u00e4r-arbetande\u201d. Jobbar p\u00e5 kontoret, en handfull konferensanl\u00e4ggningar, l\u00e5nar plats p\u00e5 andras kontor emellan\u00e5t, sitter p\u00e5 kaf\u00e9er, hemma, t\u00e5get, eller d\u00e4r man r\u00e5kar befinna sig. Kringflackande digital nomad som beh\u00f6ver vara tillg\u00e4nglig p\u00e5 andra s\u00e4tt \u00e4n p\u00e5 en geografisk plats och beh\u00e4rska att arbeta i en arbetsmilj\u00f6 som inte \u00e4r sinnebilden av ergonomisk perfektion n\u00e4r det g\u00e4ller det digitala.<\/li>\n<\/ol>\n<p>De tv\u00e5 sista personas utmanar antagandet att alla anv\u00e4ndare befinner sig i en ergonomiskt utformad milj\u00f6 och har alla m\u00f6jligheter att interagera fritt med tekniska system under optimala f\u00f6rh\u00e5llanden. Den tredje nyanserar bilden av hur en kontorsarbetare kan ha det. Alla tre har ett liv som best\u00e5r av s\u00e5v\u00e4l med- som motg\u00e5ngar privat och professionellt.<\/p>\n<h3>1. Bosse Busschaffis<\/h3>\n<p><a href=\"https:\/\/vgrblogg.se\/utveckling\/wp-content\/uploads\/sites\/3\/2017\/02\/bosse.jpg\"><img loading=\"lazy\" decoding=\"async\" class=\"alignright wp-image-848 size-medium\" src=\"https:\/\/vgrblogg.se\/utveckling\/wp-content\/uploads\/sites\/3\/2017\/02\/bosse.jpg?w=220\" alt=\"Personan Bosse Busschaffis\" width=\"220\" height=\"300\" \/><\/a>Bosses egenskaper:<\/p>\n<ul>\n<li>Privat: V\u00e4ldigt social, ensamst\u00e5ende pappa med huvudsaklig v\u00e5rdnad om tv\u00e5 barn, 10 och 12 \u00e5r gamla.<\/li>\n<li>Egenskap: \u00c4r per definition mobil under arbetstid, men v\u00e4l bekant med omgivningarna d\u00e5 de \u00e4r f\u00f6ruts\u00e4gbara.<\/li>\n<li>Behov: Vill lyssna p\u00e5 inspelade arbetsplatstr\u00e4ffar i efterhand (vid behov) d\u00e5 han kan ha sv\u00e5rt att bearbeta n\u00e5got f\u00f6rsta g\u00e5ngen han h\u00f6r det.<\/li>\n<li>Utmaning: R\u00f6rlig arbetsplats och d\u00e4rmed beroende av mobil internetuppkoppling.<\/li>\n<li>Sammanhang: Till st\u00f6rsta delen inte p\u00e5 samma fysiska plats som kollegorna.<\/li>\n<\/ul>\n<p>Bosse \u00e4r en social prick, han trivs med att jobba som busschauff\u00f6r f\u00f6r att han gillar folk och vill jobba med service. Att hj\u00e4lpa m\u00e4nniskor komma fram till d\u00e4r de ska vara \u00e4r en f\u00f6r Bosse h\u00f6gst p\u00e5taglig k\u00e4nsla av att ha bidragit till sina medm\u00e4nniskors vardag. De linjer han k\u00f6r \u00e4r i norra Dalsland, oftast k\u00f6r han mellan \u00c5m\u00e5l och Bengtsfors. Mittemellan dessa orter bor han med sina tv\u00e5 s\u00f6ner.<\/p>\n<h4>En bra dag f\u00f6r Bosse<\/h4>\n<p>N\u00e4r Bosse \u00e4r p\u00e5 topp jobbm\u00e4ssigt \u00e4r n\u00e4r allt fungerar hemma, n\u00e4r barnen trivs i skolan och har roliga fritidsaktiviteter med kompisarna &#8211; exempelvis \u00e5ka i skidbacken. Det ger en bra magk\u00e4nsla, vetskapen att barnen \u00e4r sj\u00e4lvg\u00e5ende hemma och antagligen har hur kul som helst. Bosse kan d\u00e5 fokusera p\u00e5 jobbet till fullo.<\/p>\n<p>En bra dag har Bosse koll p\u00e5 l\u00e4get och tekniken fungerar optimalt. Hans arbetsdag b\u00f6rjar med att ta bilen 2 mil till jobbet och st\u00e4mpla in i datorn som h\u00e5ller koll p\u00e5 n\u00e4r alla anst\u00e4llda kommer och g\u00e5r, n\u00e4r de tar rast och s\u00e5 vidare. Efter det v\u00e4ntar Bosse tills det \u00e4r dags att \u00e5ka iv\u00e4g med bussen. Under denna v\u00e4ntan brukar han lyssna p\u00e5 str\u00f6mmande ljudb\u00f6cker f\u00f6r att l\u00e4ra sig lite b\u00e4ttre tyska, detta f\u00f6r att kunna kommunicera med de tyskar som under sommartid ofta \u00e4r i omgivningen.<\/p>\n<p>Det h\u00e4nder att han lyssnar p\u00e5 arbetsplatstr\u00e4ffar i efterhand, s\u00e5 han vet hur hans arbetsgivare planerar att l\u00e4gga om busslinjer och andra nyheter som har med jobbet att g\u00f6ra.<\/p>\n<p>Bosse har nyligen uppt\u00e4ckt det sociala jobbn\u00e4tverket Yammer. D\u00e4r kan han prata jobb med kollegorna, tipsa om sina b\u00e4sta knep och socialisera i st\u00f6rsta allm\u00e4nhet. D\u00e5 Bosse f\u00f6rflyttar sig s\u00e5 mycket i jobbet \u00e4r hans enda naturliga \u201cdator\u201d hans mobiltelefon. N\u00e4r han \u00e4r p\u00e5 jobbet finns ett tr\u00e5dl\u00f6st jobbn\u00e4tverk och ute l\u00e4ngs med de str\u00e4ckor han k\u00f6r bussar \u00e4r det \u00e4ntligen full fart p\u00e5 mobiln\u00e4tet. 4G och alltid full t\u00e4ckning och full fart d\u00e5 det \u00e4r ganska f\u00e5 personer i n\u00e4rheten av respektive mast. Det mobila n\u00e4tet st\u00f6djer b\u00e5de str\u00f6mmande ljud ute i glesbygden samt anv\u00e4ndande av Yammer p\u00e5 de platser han ibland st\u00e5r och inv\u00e4ntar att \u00e5ter b\u00f6rja k\u00f6ra.<\/p>\n<h4>En av Bosses s\u00e4mre dagar<\/h4>\n<p>Bosses \u00e4ldsta son har varit magsjuk under natten, men \u00f6vertygar Bosse p\u00e5 morgonen att han nog klarar sig sj\u00e4lv hemma. Bosse k\u00e4nner sig lite nerv\u00f6s \u00f6ver detta, men vill inte dalta f\u00f6r mycket med grabben och best\u00e4mmer sig f\u00f6r att ta sig till jobbet i alla fall.<\/p>\n<p>Det har sn\u00f6at massor under natten. Den friska sonen vill f\u00e5 skjuts till skolan och f\u00f6ljer med Bosse i bilen.<\/p>\n<p>N\u00e4r han backar ut i all hast st\u00f6ter hans bil ihop med grannens bil som inte syntes bakom den sn\u00f6t\u00e4ckta h\u00e4cken. \u00c4nnu mer stressad beh\u00f6ver han g\u00f6ra upp med grannen, de best\u00e4mmer sig f\u00f6r att diskutera krocken senare ikv\u00e4ll. Bosse l\u00e4mnar sonen p\u00e5 skolan och skyndar vidare mot bussgaraget tv\u00e5 mil bort.<\/p>\n<p>Han kommer inte fram f\u00f6r att bussavg\u00e5ngen ska hinna iv\u00e4g i tid. En kollega kommer ut med nycklarna s\u00e5 Bosse kan sticka iv\u00e4g direkt, utan att st\u00e4mpla in.<\/p>\n<p>L\u00e4ngs med rutten visar det sig att det inte alltid \u00e4r s\u00e4rskilt bra plogat p\u00e5 h\u00e5llplatserna. Vissa resen\u00e4rer p\u00e5pekar detta f\u00f6r Bosse som biter ihop ist\u00e4llet f\u00f6r att tala om att det nog \u00e4r V\u00e4gverkets problem. Andra resen\u00e4rer kommenterar irriterat att \u201cnu blir de minsann f\u00f6rsenade till viktiga saker\u201d. Efter lunch \u00e4r han \u00e5terigen ute i trafiken n\u00e4r hans telefon ringer. Den yngsta sonen undrar om Bosse \u00e4r hemma. Sonens l\u00e4rare sagt \u00e5t honom att g\u00e5 hem efter att han klagat p\u00e5 en \u201ckonstig\u201d huvudv\u00e4rk. Nu blir Bosse \u00e5ngestfull. T\u00e4nk om sonen r\u00e5kat ut f\u00f6r en whiplash-skada i krocken? Sonen verkar dock vara vid gott mod, s\u00e4ger att han g\u00e5r hem och h\u00e4nger med sin sjuka storebror.<\/p>\n<p>V\u00e4l framme p\u00e5 v\u00e4ndplatsen visar det sig att han m\u00e5ste v\u00e4nta tjugo minuter innan det \u00e4r dags att \u00e5ka tillbaka till bussgaraget (och d\u00e5 f\u00f6rhoppningsvis kan hitta n\u00e5gon ledig kollega som kan ta \u00f6ver hans skift).<\/p>\n<p>Bosse har inte laddat mobilen under natten och lagom n\u00e4r han stannar till p\u00e5 v\u00e4ndplatsen f\u00f6resl\u00e5r hans telefon att den ska g\u00e5 \u00f6ver till batterisparande l\u00e4ge d\u00e5 han bara har 20 % kvar av batteriets kapacitet. Det sista han vill just nu \u00e4r att vara oantr\u00e4ffbar, inte kunna n\u00e5 andra eller komma \u00e5t internettj\u00e4nster. Bosse vet att detta brukar inneb\u00e4ra viss frustration genom att sk\u00e4rmen sl\u00e4cker sig om man inte petar p\u00e5 den ganska ofta. Det han inte m\u00e4rkt av tidigare \u00e4r att det ocks\u00e5 begr\u00e4nsar hastigheten p\u00e5 uppkopplingen till n\u00e4tet.<\/p>\n<p>F\u00f6r att utnyttja den v\u00e4ntan han har p\u00e5 v\u00e4ndplatsen &#8211; med hopp om att komma hem tidigare &#8211; b\u00f6rjar Bosse fundera p\u00e5 ifall hans kollegors jobbschema finns p\u00e5 det d\u00e4r intran\u00e4tet han h\u00f6rt talas om p\u00e5 n\u00e5got APT-m\u00f6te. Han hittar en l\u00e4nk p\u00e5 det sociala jobbn\u00e4tverket Yammer som pekar p\u00e5 det s\u00e5 kallade intran\u00e4tet. Han klickar p\u00e5 l\u00e4nken, ser mobilens webbl\u00e4sare \u00f6ppnas, och sedan h\u00e4nder\u2026ingenting. Till sist kommer det fram en inloggningsruta, Bosse testar de enda inloggningsuppgifter han k\u00e4nner till, de ifr\u00e5n Yammer, och det verkar inte funka. Konstigt, \u2018<i>bosch247@arbetsgivare.se<\/i>\u2019 funkar ju p\u00e5 det d\u00e4r andra st\u00e4llet och det h\u00e4r \u00e4r ocks\u00e5 ett Microsoftsystem som erbjuds av arbetsgivaren.<\/p>\n<p>Sen kommer han p\u00e5 att han vid n\u00e5got tidigare tillf\u00e4lle h\u00f6rt att det kan funka om man inte anger det hela som en e-postadress. S\u00e5 Bosse anger <i>\u2018bosch247\u2019<\/i> som anv\u00e4ndarnamn och samma l\u00f6senord. Jaha, nu funkade det tydligen, tror han, d\u00e5 det \u00e5tminstone inte kom fram n\u00e5got felmeddelande. Han v\u00e4ntar, och v\u00e4ntar. Nu \u00e4r batteriet nere p\u00e5 15 %.<\/p>\n<p>Det tycks inte som att intran\u00e4tet \u00e4r t\u00e4nkt att anv\u00e4ndas p\u00e5 en mobil. Men Bosse har inga andra alternativ till buds och k\u00e4nner sig investerad efter all v\u00e4ntan att se om detta kan l\u00f6sa hans problem. Genom att zooma med fingrarna blir inneh\u00e5llet l\u00e4sbart, men samtidigt tappar han \u00f6versikten.<\/p>\n<p>Det n\u00e4rmsta relevanta Bosse hittar \u00e4r n\u00e5got som kallas \u201cChefsplatsen\u201d, kan det vara en bra genv\u00e4g till att hitta s\u00e5nt som chefer g\u00f6r, som att planera arbetstiden? Bosse klickar. 20 sekunder senare dyker det upp n\u00e5got p\u00e5 sk\u00e4rmen och efter lite letande, zoomande, skrollandes i alla ledder verkar det som att man endast f\u00e5r reda p\u00e5 n\u00e4r cheferna \u00e4r i tj\u00e4nst. Det hj\u00e4lper inte Bosse med hans problem, dock f\u00e5r han syn p\u00e5 en s\u00f6kruta. Bosse skriver in s\u00f6kfrasen \u2018schema \u00e5m\u00e5l\u2019 och klickar p\u00e5 s\u00f6kknappen.<\/p>\n<p>Av n\u00e5gon anledning kommer han till en helt annan webbplats, med ett helt annat utseende. Intran\u00e4tet var gult och nu hamnade han p\u00e5 n\u00e5got bl\u00e5tt. Men den h\u00e4r fungerar \u00e5tminstone i en mobiltelefon. Men han f\u00e5r n\u00e5gon form av varning om att han \u201cbara\u201d s\u00f6ker inom n\u00e5got som kallas <i>\u2018VGIntra\u2019<\/i> och tyv\u00e4rr f\u00e5r han noll tr\u00e4ffar. Han klickar p\u00e5 rekommendationen i varningsmeddelandet f\u00f6r att \u201cutvidga\u201d sin s\u00f6kning. D\u00e5 f\u00e5r han tre tr\u00e4ffar, fast om f\u00e4stingar, n\u00e5gon filmgrej fr\u00e5n 2012 och nyheter fr\u00e5n f\u00f6rra \u00e5ret. Det h\u00e4r intran\u00e4tet var inte s\u00e5 v\u00e4rst hj\u00e4lpsamt, men nu hade hans l\u00f6nl\u00f6sa f\u00f6rs\u00f6k tagit 20 minuter och han m\u00e5ste ge sig iv\u00e4g igen. Nu \u00e4r hans batteri nere p\u00e5 5 % och Bosse b\u00f6rjar bli desperat. Kommer han bli avsk\u00e4rmad fr\u00e5n de personer som \u00e4r de viktigaste i hans liv?<\/p>\n<p>Halvv\u00e4gs tillbaka har det skett en trafikolycka, men r\u00e4ddningstj\u00e4nsten verkar inte vara p\u00e5 plats och \u00e4n s\u00e5 l\u00e4nge \u00e4r det ingen som stannat f\u00f6r att hj\u00e4lpa till. Bosse s\u00e4kerst\u00e4ller att alla inblandade \u00e4r ok och t\u00e4nker larma r\u00e4ddningstj\u00e4nsten. I sitt eget stressade sinne funderar han p\u00e5 var gr\u00e4nsen g\u00e5r mellan att ringa 112 och\u00a0det d\u00e4r andra numret\u00a0han inte minns just nu. Det var n\u00e5got med en fyra, och det var l\u00e4ngre. Bosse s\u00e4tter fingret mot knappen p\u00e5 mobilen, men det verkar inte funka. Det som visas p\u00e5 sk\u00e4rmen skakar till och till sist st\u00e5r det \u201cTouch ID eller ange l\u00f6senkod\u201d. Han kan inte komma ih\u00e5g sin l\u00f6senkod. Han testar samma som han har p\u00e5 kombinationsl\u00e5set p\u00e5 boden, ett annat han har p\u00e5 kombinationsl\u00e5set han tar med sig till gymmet, de sista fyra siffrorna i sitt personnummer. Inget hj\u00e4lper.<\/p>\n<p>Allt detta kanske kan sammanfattas i nedan citat fr\u00e5n boken Design for Real Life\u201d ([^2], sida 42):<\/p>\n<blockquote><p>\u201c\u2026when users are under stress, in a sense they literally can\u2019t think.\u201d<\/p><\/blockquote>\n<p>Bosse ger upp. N\u00e5gon annan kan s\u00e4kert hj\u00e4lpa till, s\u00e5 han ger sig iv\u00e4g och prioriterar ist\u00e4llet de passagerare han har (men troligen fr\u00e4mst att komma hem till barnen).<\/p>\n<p>Vid bussgaraget hittar han en kollega som verkar ha jour och g\u00e4rna avl\u00f6ser Bosse. \u00c4ntligen! Bosse g\u00e5r f\u00f6rbi den d\u00e4r datorn f\u00f6r att st\u00e4mpla ut, och inser att han missade den p\u00e5 morgonen. Han fyller i sitt personnummer, men misst\u00e4nker att han slinter lite p\u00e5 tangenterna. N\u00e4r han tittar upp fr\u00e5n tangentbordet \u00e4r det bara en massa fyllda cirklar i f\u00e4ltet d\u00e4r han skrev in sitt personnummer &#8211; som om det vore hemligt, eller att n\u00e5gon annan \u00e4n han tittade p\u00e5 sk\u00e4rmen. Han trycker p\u00e5 Enter-tangenten men f\u00e5r svar om att hans \u201cInloggning misslyckades. Du har angivit eller anv\u00e4nt ett felaktigt personnr eller anv\u00e4ndarnamn\u201d. Bosse f\u00f6rs\u00f6ker igen, riktigt sakta denna g\u00e5ng. De f\u00f6rsta \u00e5tta siffrorna f\u00f6r hans f\u00f6delsedag, ett mellanslag f\u00f6ljt av de fyra sista siffrorna. Inte f\u00f6r att han kan verifiera att han skrev r\u00e4tt &#8211; det \u00e4r bara en massa fyllda cirklar i f\u00e4ltet. Fel igen!<\/p>\n<p>Nu b\u00f6rjar Bosse k\u00e4nna sig uppgiven och villr\u00e5dig, vad g\u00f6ra, hur l\u00f6ser han detta? Som tur \u00e4r kommer en kollega f\u00f6rbi och po\u00e4ngterar att man kan ange sitt \u2018anv\u00e4ndarnamn\u2019. Bosse anger det s\u00e5 som han l\u00e4rt sig fr\u00e5n Yammer &#8211; det vill s\u00e4ga \u2018bosch247@arbetsgivare.se\u2019 &#8211; men n\u00e4r det inte funkar testar han enbart \u2018bosch247\u2019 och kommer in. N\u00e4r han klickar p\u00e5 knappen f\u00f6r att st\u00e4mpla ut klagar systemet p\u00e5 att han inte kan st\u00e4mpla ut innan han st\u00e4mplat in (vilket han struntat i under morgonstressen). Nu vet han inte alls vad han ska g\u00f6ra och blir st\u00e5ende helt utan att veta vad som f\u00f6rv\u00e4ntas av honom &#8211; han vill ju bara hem och se till att barnen lever och har h\u00e4lsan \ud83d\ude41<\/p>\n<h4>Bosses behov av Universell utformning<\/h4>\n<p>Det Bosse har r\u00e5kat ut f\u00f6r \u00e4r underm\u00e5lig design g\u00e4llande ett flertal av principerna inom Universell utformning, bland annat:<\/p>\n<ul>\n<li>UD-princip fyra och tv\u00e5 (4b, 4c &amp; 2a enligt The Principles of Universal Design [^25]) d\u00e5 inneh\u00e5llet inte \u00e4r l\u00e4sbart om det inte \u00e4r anpassat efter den pryl Bosse anv\u00e4nder.<\/li>\n<li>UD-princip tre (3b enligt The Principles of Universal Design [^25]) n\u00e4r Bosse via intran\u00e4tet s\u00f6kte byttes hans sammanhang utan hans vetskap. Han hade loggat in till intran\u00e4tet, men s\u00f6kfunktionen s\u00f6kte \u00e4nd\u00e5 bara ibland material som var tillg\u00e4ngliga p\u00e5 den externa webbplatsen. F\u00f6r att s\u00f6ka p\u00e5 internt material hade han varit tvungen att befinna sig p\u00e5 datorn\u00e4tverket p\u00e5 arbetsplatsen &#8211; inte vara mobil &#8211; helt enkelt.<\/li>\n<li>UD-princip tre (3b enligt The Principles of Universal Design [^25]) n\u00e4r Bosse f\u00f6rs\u00f6kte logga in i diverse system. Single sign-on (SSO) \u00e4r ofta inte s\u00e5 anv\u00e4ndarv\u00e4nligt som man kan tro, i alla fall om man inte med \u201csingle\u201d avser ett flertal varianter av anv\u00e4ndarnamnet \u00e4ven inom system fr\u00e5n en och samma leverant\u00f6r (man kan anta har standardiseringsf\u00f6rdelar).<\/li>\n<\/ul>\n<h3>2. Frida Fastighetssk\u00f6tare<\/h3>\n<p><a href=\"https:\/\/vgrblogg.se\/utveckling\/wp-content\/uploads\/sites\/3\/2017\/02\/frida.jpg\"><img loading=\"lazy\" decoding=\"async\" class=\"alignright wp-image-849 size-medium\" src=\"https:\/\/vgrblogg.se\/utveckling\/wp-content\/uploads\/sites\/3\/2017\/02\/frida-e1485977348613.jpg?w=214\" alt=\"Personan Frida Fastighetssk\u00f6tare\" width=\"214\" height=\"300\" srcset=\"https:\/\/vgrblogg.se\/utveckling\/wp-content\/uploads\/sites\/3\/2017\/02\/frida-e1485977348613.jpg 914w, https:\/\/vgrblogg.se\/utveckling\/wp-content\/uploads\/sites\/3\/2017\/02\/frida-e1485977348613-214x300.jpg 214w, https:\/\/vgrblogg.se\/utveckling\/wp-content\/uploads\/sites\/3\/2017\/02\/frida-e1485977348613-768x1079.jpg 768w, https:\/\/vgrblogg.se\/utveckling\/wp-content\/uploads\/sites\/3\/2017\/02\/frida-e1485977348613-729x1024.jpg 729w\" sizes=\"(max-width: 214px) 100vw, 214px\" \/><\/a>Fridas egenskaper:<\/p>\n<ul>\n<li>Privat: Fanatisk supporter av IFK G\u00f6teborg, ensamst\u00e5ende.<\/li>\n<li>Egenskap: Mobil, i en mindre rutinartad situation \u00e4n Bosse.<\/li>\n<li>Behov: st\u00e4ndig \u00e5terkoppling om n\u00e5gots status. \u00c4r d\u00f6rrens l\u00e5smekanism lagad \u00e4nnu?<\/li>\n<li>Utmaning: Mobil milj\u00f6 som \u00e4r riskabel f\u00f6r mobilen och arbetet f\u00f6rsv\u00e5rar handhavandet. Har emellan\u00e5t en mild till sv\u00e5r migr\u00e4n som s\u00e4nker den kognitiva f\u00f6rm\u00e5gan att ta in och f\u00f6rst\u00e5 saker.<\/li>\n<li>Sammanhang: Smutsig och varierad milj\u00f6. Ibland nya fysiska platser, ibland kulvertar under byggnader.<\/li>\n<\/ul>\n<p>F\u00e5r under arbetstid massor av notifieringar fr\u00e5n IFK:s fanklubb och alla forum hon bevakar, detta till sin jobbmobil. Hur \u201cprivat\u201d kan en mobil fr\u00e5n arbetsgivaren vara? \u00c4r det l\u00f6nt att bedriva polisverksamhet f\u00f6r att v\u00e4rna om de anst\u00e4lldas uppm\u00e4rksamhet\/produktivitet &#8211; och exkluderar man d\u00e5 dessa individer?<\/p>\n<h4>En bra dag f\u00f6r Frida<\/h4>\n<p>F\u00f6rst och fr\u00e4mst, en bra dag \u00e4r Frida befriad fr\u00e5n migr\u00e4n. Frida trivs med att f\u00e5 mycket gjort och gillar de konkreta resultat som jobbet med fastighetssk\u00f6tsel inneb\u00e4r. Innan hon gjort sitt jobb \u00e4r en d\u00f6rr trasig, efter hon gjort sitt fungerar det igen. Enkelt men tillfredsst\u00e4llande och en bra dag bara funkar allt och hennes arbetsmilj\u00f6 g\u00f6r det inte sv\u00e5rt f\u00f6r henne.<\/p>\n<p>Normalt sett anv\u00e4nder hon sin mobiltelefon som ett kommunikationsverktyg. Inte bara f\u00f6r att kunna bli n\u00e5dd utan ocks\u00e5 f\u00f6r att f\u00e5 reda p\u00e5 vad hon ska g\u00f6ra, vem som rapporterat in ett problem med en fastighet, hitta larmkoder och f\u00f6r att markera ett problem som fixat. Mobilen avlastar verkligen, hon kan g\u00e5 fr\u00e5n uppgift till uppgift. Hon kan f\u00e5 hj\u00e4lp att hitta till r\u00e4tt fastighet via kartfunktionen och hon kan markera att n\u00e5got \u00e4r klart och l\u00e4gga allt sitt fokus p\u00e5 n\u00e4sta sak.<\/p>\n<p>Ut\u00f6ver att mobilen \u00e4r nyttig f\u00f6r att vara effektiv under arbetstid bidrar den ocks\u00e5 med ett privat sammanhang. Det \u00e4r den v\u00e4gen hon f\u00e5r reda p\u00e5 vad andra IFK-supportrar pratar om inf\u00f6r kv\u00e4llens fotbollsderby. N\u00e4r det \u00e4r derby \u00e4r det alltid en milstolpe i livet. N\u00e4r Frida k\u00e4nner f\u00f6r en kortare paus tar hon upp mobilen och skrollar igenom de senaste notifieringarna fr\u00e5n ett g\u00e4ng sociala kanaler p\u00e5 internet, hon postar n\u00e5gra svar och ser fram emot kv\u00e4llens match.<\/p>\n<h4>En av Fridas s\u00e4mre dagar<\/h4>\n<p>Sista uppgiften ig\u00e5r r\u00e5kade Frida skada sin h\u00f6gra tumme, s\u00e4rskilt fingerspetsen men det g\u00f6r ocks\u00e5 ont. Frida best\u00e4mmer sig f\u00f6r att f\u00f6rs\u00f6ka jobba trots detta. Dagen bjuder dessv\u00e4rre ocks\u00e5 p\u00e5 en l\u00e4ttare migr\u00e4n. Hon \u00e4r allts\u00e5 inte helt paralyserad, men det \u00e4r n\u00e5got visst med synf\u00e4ltet, det \u00e4r sv\u00e5rt att t\u00e4nka, hon \u00e4r ljusk\u00e4nslig och det \u00e4r jobbigt att fokusera blicken. Men det \u00e4r hanterbart som Frida brukar s\u00e4ga.<\/p>\n<p>Frida \u00e4r hoppl\u00f6st h\u00f6gerh\u00e4nt och ser inte fram emot denna arbetsdag d\u00e5 allt kommer bli sv\u00e5rare \u00e4n hon \u00e4r van vid d\u00e5 hon f\u00e5r g\u00f6ra mycket med v\u00e4nstern\u00e4ven.<\/p>\n<p>Ov\u00e4ntade problem uppst\u00e5r direkt. Hennes fingeravtryck godtas inte av mobiltelefonen och hon h\u00e4nvisas till att skriva in sin fyrsiffriga kod ist\u00e4llet. Frida \u00e4r inte s\u00e5 bra p\u00e5 nummerkoder, och har ganska m\u00e5nga att f\u00f6rs\u00f6ka h\u00e5lla reda p\u00e5. E tresiffrig kod p\u00e5 h\u00e4ngl\u00e5set p\u00e5 vindsutrymmet, sen ett fyrsiffrigt kombinationsl\u00e5s till gymmet, samma gym som har en kod f\u00f6r att ens komma in. Sen har hon fem olika betal- och kreditkort med olika koder, en sexsiffrig kod f\u00f6r sitt mobila bankID och nummerkod till sin hemdator.<\/p>\n<p>Med besv\u00e4r lyckas hon f\u00e5 till r\u00e4tt kod men ser inte fram emot att flera g\u00e5nger under dagen vara tvungen att skriva in en kod hon s\u00e4kert kommer f\u00f6rvirra med n\u00e5gon av alla andra hon ska f\u00f6rs\u00f6ka komma ih\u00e5g.<\/p>\n<p>N\u00e4r Frida ska klarmarkera dagens f\u00f6rsta uppdrag slinter mobilen ur hennes otr\u00e4nade v\u00e4nsterhand och landar h\u00e5rt p\u00e5 betonggolvet. N\u00e4r hon tar upp den ser hon att sk\u00e4rmen spruckit och l\u00e4ngs med varje spricka uppvisas regnb\u00e5gens alla f\u00e4rger, som om hennes l\u00e4tta migr\u00e4n inte var illa nog. Frida f\u00f6rs\u00f6ker trots den trasiga sk\u00e4rmen, med sin ovana v\u00e4nsterhand och tunga huvud, markera sitt uppdrag som slutf\u00f6rt. Lite os\u00e4ker p\u00e5 det gr\u00e4nssnitt hon m\u00f6ts av f\u00f6rs\u00f6ker hon orientera sig genom att skrolla. Oturligt nog aktiverar hennes ovana tumme klickgesten i telefonen &#8211; mitt ovanp\u00e5 knappen f\u00f6r att radera uppdraget ist\u00e4llet f\u00f6r att \u00e4ndra dess status till f\u00e4rdigt. Utan en dialogruta f\u00f6rsvann nu hennes uppdrag och hon vet med sig att det d\u00e4r kr\u00e4ver en \u201criktig dator\u201d.<\/p>\n<p>Hon g\u00e5r in p\u00e5 kontoret i fastigheten, det \u00e4r \u00e4nd\u00e5 hennes egen arbetsgivare som har det kontoret. Det finns inte n\u00e5gon dator att l\u00e5na. Men Frida vet om att man via mobilens webbl\u00e4sare kan f\u00e5 \u201cdatorversionen\u201d av webbsidor, s\u00e5 hon testar det p\u00e5 intran\u00e4tet d\u00e4r hennes arbetsorder ligger. Det funkar utm\u00e4rkt att \u00e5terst\u00e4lla uppdraget, men det kr\u00e4vs en manuell p\u00e5skrift p\u00e5 en blankett. Hon st\u00e4ller sig bredvid en skrivare p\u00e5 det kontor hon aldrig varit p\u00e5 tidigare, kollar vad skrivaren heter och t\u00e4nker pr\u00f6va att skriva ut fr\u00e5n mobilen. Arbetsgivaren erbjuder ett wifi-n\u00e4t i alla sina lokaler och s\u00e5 \u00e4ven h\u00e4r. Hon lyckas inte skriva ut via mobilen, kanske \u00e4r inte skrivaren tillg\u00e4nglig via det tr\u00e5dl\u00f6sa n\u00e4tet t\u00e4nker hon. Det finns en USB-ing\u00e5ng p\u00e5 skrivaren, men skrivaren verkar inte acceptera att koppla in mobilen p\u00e5 det s\u00e4ttet f\u00f6r utskrift.<\/p>\n<p>Frida ger upp, tar en migr\u00e4ntablett och beger sig hem\u00e5t.<\/p>\n<h4>Fridas behov av Universell utformning<\/h4>\n<p>Det Frida har r\u00e5kat ut f\u00f6r under en d\u00e5lig dag \u00e4r en design som brister g\u00e4llande ett flertal av principerna inom Universell utformning, bland annat:<\/p>\n<ul>\n<li>UD-princip tv\u00e5 (2a &amp; 2c enligt The Principles of Universal Design [^25]) d\u00e5 hon p\u00e5 grund av skadad tumme inte l\u00e4ngre kunde anv\u00e4nda fingeravtrycksidentifikation.<\/li>\n<li>UD-princip tv\u00e5 (2c enligt The Principles of Universal Design [^25]) eftersom hon missade de saker hon avs\u00e5g att \u201cdutta\u201d p\u00e5 p\u00e5 grund av s\u00e4mre motorik i v\u00e4nstra handen.<\/li>\n<li>UD-princip fem (5a enligt The Principles of Universal Design [^25]) d\u00e5 tryck p\u00e5 fel knapp har f\u00f6r stora konsekvenser.<\/li>\n<li>UD-princip sex (6c enligt The Principles of Universal Design [^25]) med tanke p\u00e5 att hon beh\u00f6vde sl\u00e5 in sin kod stup i kvarten p\u00e5 mobilen, det r\u00e4ckte inte med att bara h\u00e5lla i mobilen f\u00f6r att bli identifierad.<\/li>\n<\/ul>\n<h3>3. Kaethe Kontorsarbetare<\/h3>\n<p><a href=\"https:\/\/vgrblogg.se\/utveckling\/wp-content\/uploads\/sites\/3\/2017\/02\/kaethe-e1485977292650.jpg\"><img loading=\"lazy\" decoding=\"async\" class=\"alignright size-medium wp-image-856\" src=\"https:\/\/vgrblogg.se\/utveckling\/wp-content\/uploads\/sites\/3\/2017\/02\/kaethe-e1485977292650.jpg?w=194\" alt=\"Personan Kaethe Kontorsarbetare\" width=\"194\" height=\"300\" srcset=\"https:\/\/vgrblogg.se\/utveckling\/wp-content\/uploads\/sites\/3\/2017\/02\/kaethe-e1485977292650.jpg 789w, https:\/\/vgrblogg.se\/utveckling\/wp-content\/uploads\/sites\/3\/2017\/02\/kaethe-e1485977292650-194x300.jpg 194w, https:\/\/vgrblogg.se\/utveckling\/wp-content\/uploads\/sites\/3\/2017\/02\/kaethe-e1485977292650-768x1187.jpg 768w, https:\/\/vgrblogg.se\/utveckling\/wp-content\/uploads\/sites\/3\/2017\/02\/kaethe-e1485977292650-663x1024.jpg 663w\" sizes=\"(max-width: 194px) 100vw, 194px\" \/><\/a>Kaethes egenskaper:<\/p>\n<ul>\n<li>Privat: Invandrarbakgrund, fr\u00e5n Tyskland. Mitt uppe i en omtumlande skilsm\u00e4ssa d\u00e4r hon ska separera fr\u00e5n sin fru (ja, ett registrerat partnerskap mellan tv\u00e5 kvinnor). Kaethe k\u00e4nner sig ekonomiskt utsatt och har ett d\u00e5ligt socialt skyddsn\u00e4t i Sverige.<\/li>\n<li>Egenskap: kunskapsarbetare, stillasittande ofta vid en stor sk\u00e4rm i en ibland ergonomisk milj\u00f6 i ett kontorslandskap.<\/li>\n<li>Behov: Djupt fokus f\u00f6r att ta in och bearbeta ny information, f\u00f6r att senare skriva en rekommendation om det hon nyligen l\u00e4rt sig. \u00c4r visserligen duktig p\u00e5 spr\u00e5k, men fortfarande nyb\u00f6rjare p\u00e5 svenska och har inte l\u00e4tt med dialekter.<\/li>\n<li>Utmaning: En bra dag har mycket god ergonomi i den fysiska milj\u00f6n, andra dagar mycket kognitivt nedsatt p\u00e5 grund av stimmig milj\u00f6 och att livet inte leker just d\u00e5.<\/li>\n<li>Sammanhang: Tvivlar p\u00e5 sin egen f\u00f6rm\u00e5ga, och \u00f6verkompenserar p\u00e5 grund av detta till att vara extremt h\u00f6gfungerande och framst\u00e5r som v\u00e4ldigt kompetent n\u00e4r livet leker. \u00c4r l\u00e4ttst\u00f6rd och kan ha stora koncentrationssv\u00e5righeter en d\u00e5lig dag (som ibland \u00e4r m\u00e5nga dagar p\u00e5 raken).<\/li>\n<\/ul>\n<h4>En bra dag f\u00f6r Kaethe<\/h4>\n<p>De dagar p\u00e5 jobbet som Kaethe uppskattar \u00e4r n\u00e4r det \u00e4r lugnt tempo och flertalet av de avdelningar som delar p\u00e5 den \u00f6ppna kontorsytan verkar ha gemensam utflykt eller annan anledning att fr\u00e5nvara. N\u00e4r det \u00e4r f\u00f6rh\u00e5llandevis tyst och lugnt kan Kaethe hitta sitt inre fokus och k\u00e4nna sig produktiv. Hon f\u00e5r ofta kommentarer av kollegor och chefen om att hon ibland presterar j\u00e4ttebra och en bra dag \u00e4r en s\u00e5dan d\u00e4r Kaethe inte ens t\u00e4nker p\u00e5 sin prestations\u00e5ngest, och bedragarsyndromet tycks som bortbl\u00e5st. Hon g\u00e5r in i sin fokusbubbla och t\u00f6mmer mejlens inkorg redan innan klockan nio och skriver ett tj\u00e4nsteutl\u00e5tande precis i tid innan f\u00f6rmiddagsfikat med kollegorna.<\/p>\n<p>Vid lunchtid ska hon och kollegorna g\u00e5 till den ny\u00f6ppnade restaurangen p\u00e5 andra sidan gatan. Detta har Kaethe sett fram emot l\u00e4nge.<\/p>\n<p>Eftermiddagen \u00e4r fortsatt lugn och k\u00e4nns produktiv n\u00e4r Kaethe sitter vid sin jobbdator. Arbetsdagen avslutas 16:45 n\u00e4r hon g\u00e5r hem och ser chefen ge tumme upp till henne, antagligen har hen l\u00e4st Kaethes mejl och insett resultatet av hennes arbetsdag.<\/p>\n<h4>En av Kaethes s\u00e4mre dagar<\/h4>\n<p>Idag vaknar Kaethe, har ont i magen och obehag. Hon och hennes partner gr\u00e4lade ig\u00e5r och hela livssituationen k\u00e4nns hoppl\u00f6s. Dagen har knappt b\u00f6rjat men hon k\u00e4nner sig redan helt matt.<\/p>\n<p>N\u00e4r hon n\u00e4rmar sig ytterd\u00f6rren f\u00f6r att ta sig mot jobbet \u00e4r det som att hennes kropp motarbetar henne, att hon undermedvetet inte vill g\u00e5 utanf\u00f6r d\u00f6rren. Magen v\u00e4nder sig ut och in och hon f\u00e5r en k\u00e4nsla av kyla som rusar genom hela kroppen. Det \u00e4r en konstig och respektingivande k\u00e4nsla. Kaethe lyckas \u00f6vertyga sig sj\u00e4lv om att \u00e4nd\u00e5 ta sig till jobbet, g\u00e5r ut och hoppar upp p\u00e5 cykeln.<\/p>\n<p>Lite obet\u00e4nksamt sv\u00e4nger hon ut p\u00e5 cykel\u00f6verg\u00e5ngsst\u00e4llet \u00f6ver v\u00e4gen. En ilsken biltuta ljuder, en bilist k\u00f6rde n\u00e4stan p\u00e5 henne. Bilisten k\u00f6r sedan ikapp henne, vevar ner rutan och sk\u00e4ller. Hon f\u00f6rst\u00e5r att han sk\u00e4ller men hon kan inte f\u00f6rst\u00e5\u00a0vad\u00a0han s\u00e4ger. Kaethe \u00e4r hj\u00e4lpligt bra p\u00e5 svenska trots att det \u00e4r hennes tredjespr\u00e5k efter tyskan och engelskan. Men denna man har n\u00e5gon udda dialekt. Hon f\u00f6rs\u00f6ker b\u00e5de be om urs\u00e4kt och f\u00f6rklara sig, men mannen verkar inte ta reson eller lugna ner sig. Kaethe k\u00e4nner sig b\u00e5de r\u00e4dd och olycklig n\u00e4r de skiljs \u00e5t.<\/p>\n<p>Hon hittar en ledig plats f\u00f6r cykeln och n\u00e4r leder in cykeln sl\u00e5r hon i huvudet i taket ovanf\u00f6r cykelst\u00e4llet. Vem i hela friden bygger ett tak som \u00e4r l\u00e4gre \u00e4n tv\u00e5 meter t\u00e4nker hon irriterat, brukar inte Sverige f\u00f6lja n\u00e5gon form av byggstandard?!<\/p>\n<p>P\u00e5 det kontorsplan hon brukar sitta p\u00e5 visar det sig vara massor med ov\u00e4sen av folk som pratar. Den d\u00e4r obehagliga k\u00e4nslan kommer tillbaka med besked. Hon k\u00e4mpar emot och f\u00f6rs\u00f6ker ankomstst\u00e4mpla sig p\u00e5 datorn som st\u00e5r i ena \u00e4nden av v\u00e5ningsplanet. Datorn protesterar, den s\u00e4ger att n\u00e5got g\u00e5tt fel, men Kaethe f\u00f6rst\u00e5r inte det ord som verkar vara avg\u00f6rande f\u00f6r exakt\u00a0vad\u00a0som g\u00e5tt fel. Hon g\u00f6r n\u00e5gra desperata f\u00f6rs\u00f6k att r\u00e4tta till vad som nu \u00e4r fel, men det dyker upp andra fel hon inte heller riktigt f\u00f6rst\u00e5r. Frustrationen och k\u00e4nslorna tar \u00f6ver och hon k\u00e4nner att hon beh\u00f6ver g\u00f6mma sig. Dessv\u00e4rre var alla tre toaletterna upptagna. \u00c4ven f\u00f6rr\u00e5dsd\u00f6rren intill toaletterna men den \u00e4r l\u00e5st. Risken att hon st\u00f6ter p\u00e5 n\u00e5gon k\u00e4nns jobbigt, s\u00e5 som hon k\u00e4nner sig inombords just nu tror hon \u00e4r sv\u00e5rt att maskera. Hon f\u00e5r ju en helt vanlig dag k\u00e4mpa f\u00f6r att framst\u00e5 som vettig och kompetent f\u00f6r att passa in. Hon best\u00e4mmer sig f\u00f6r att springa ner till k\u00e4llaren ist\u00e4llet, lyckas hitta en toalett. D\u00e4r f\u00f6rs\u00f6ker hon varva ner och bearbeta panikupplevelsen hon just haft. Obehagligt att inte ha kontroll \u00f6ver sin kropp.<\/p>\n<p>Hon samlar mod till sig och g\u00e5r upp till sitt v\u00e5ningsplan igen. Det skrivbord hon brukar sitta vid \u00e4r upptaget s\u00e5 hon f\u00e5r leta upp ett annat. Det \u00e4r ovanligt mycket prat runt omkring henne och hon k\u00e4nner att det \u00e4r sv\u00e5rt att sortera bort intrycken. N\u00e4r hon f\u00f6rs\u00f6ker s\u00e4tta ner sin dator i datordockan visar det sig att den inte passar. Hur \u00e4r det t\u00e4nkt att hon ska kunna jobba om verktygen arbetsgivaren erbjuder inte \u00e4r kompatibla med varandra. Hur sv\u00e5rt kan det vara, t\u00e4nker hon bittert. All teknik hon anv\u00e4nder hemma tycks ju funka s\u00e5 bra, men h\u00e4r saknas tydligen f\u00f6ruts\u00e4ttningarna att jobba. Det blir en timmes frustrerat anv\u00e4ndande av datorns inbyggda tangentbord hon inte \u00e4r van vid och en styrplatta hon helst skulle undvika. Hemma har hon en dator av ett annat fabrikat och har l\u00e4rt sig den styrplattans gester, tydligen hj\u00e4lper det inte med just den h\u00e4r datorn d\u00e5 det antingen inte h\u00e4nder n\u00e5got alls eller n\u00e5got hon inte avs\u00e5g. Inte ens riktningen n\u00e4r hon skrollar st\u00e4mmer.<\/p>\n<p>En kollega kommer och n\u00e4stan kr\u00e4ver att f\u00e5 s\u00e4llskap i fikarummet och Kaethe f\u00e5r h\u00f6ra att det minsann \u00e4r viktigt f\u00f6r hennes mentala h\u00e4lsa att ta pauser. Kaethe orkar inte tacka nej och avbryter det hon knappt hunnit p\u00e5b\u00f6rja och f\u00f6ljer med.<\/p>\n<p>V\u00e4l tillbaka fr\u00e5n fikat har hon \u00e4nnu inte f\u00e5tt n\u00e5got meningsfullt gjort. Kaethe ska kolla en prisuppgift p\u00e5 webben, men m\u00f6ts av ett kontaktformul\u00e4r d\u00e4r hon m\u00e5ste v\u00e4lja om hon vill tilltalas som \u201cHerr\u201d eller \u201cFru\u201d.<\/p>\n<figure id=\"attachment_850\" aria-describedby=\"caption-attachment-850\" style=\"width: 300px\" class=\"wp-caption alignright\"><a href=\"https:\/\/vgrblogg.se\/utveckling\/wp-content\/uploads\/sites\/3\/2017\/02\/herr-fru.png\"><img loading=\"lazy\" decoding=\"async\" class=\"size-medium wp-image-850\" src=\"https:\/\/vgrblogg.se\/utveckling\/wp-content\/uploads\/sites\/3\/2017\/02\/herr-fru.png?w=300\" alt=\"Formul\u00e4r som vill ha svar p\u00e5 tilltal\" width=\"300\" height=\"258\" srcset=\"https:\/\/vgrblogg.se\/utveckling\/wp-content\/uploads\/sites\/3\/2017\/02\/herr-fru.png 439w, https:\/\/vgrblogg.se\/utveckling\/wp-content\/uploads\/sites\/3\/2017\/02\/herr-fru-300x258.png 300w\" sizes=\"(max-width: 300px) 100vw, 300px\" \/><\/a><figcaption id=\"caption-attachment-850\" class=\"wp-caption-text\">\u00c4r du en &#8221;Herr&#8221; eller &#8221;Fru&#8221;?<\/figcaption><\/figure>\n<p>Att konfronteras av de bin\u00e4ra valen \u201cHerr\u201d och \u201cFru\u201d v\u00e4cker f\u00f6rst en f\u00f6rbryllande k\u00e4nsla. G\u00e4ller alternativet \u201cFru\u201d verkligen henne som \u00e4r en registrerad partner som snart \u00e4r ensam igen? Kommer de h\u00e5lla p\u00e5 och tilltala henne fru fram\u00f6ver? Det hela leder till irritation och frustration \u00f6ver att hon och hennes identitet vill bli l\u00e4mnad ifred i oviktiga sammanhang.<\/p>\n<p>Kaethe tog inte med sig n\u00e5gon lunch idag, men n\u00e4r hon t\u00e4nker p\u00e5 att g\u00e5 ut och k\u00f6pa lunch \u00e4r det som att magen b\u00f6rjar prata med henne p\u00e5 ett undermedvetet plan. Hon kommer fram till att hon egentligen inte vill \u00e4ta lunch idag och hennes mage tycks h\u00e5lla med henne.<\/p>\n<p>Efter en kort stunds fokus under lunchen f\u00e5r Kaethe syn p\u00e5 chefen som strax bakom sig har den d\u00e4r ilskna bilisten i sl\u00e4pt\u00e5g. Nu djupdyker magen f\u00f6r Kaethe och hon blir medveten om en pl\u00e5gsam stress, svetten b\u00f6rjar rinna l\u00e4ngs med ryggen och hon blir fuktig i pannan. Kommer hon klara av att framst\u00e5 som normal och kompetent om de kommer f\u00f6rbi? Kommer hon f\u00f6rst\u00e5 vad den d\u00e4r mannen s\u00e4ger nu? Kommer han fortfarande vara arg?<\/p>\n<p>Mannen \u00e4r nyanst\u00e4lld som projektledare f\u00f6r ett projekt hon jobbar med. S\u00e5 nu ska de f\u00f6rs\u00f6ka umg\u00e5s, f\u00f6rhoppningsvis mer civiliserat \u00e4n p\u00e5 v\u00e4g till jobbet. Strax d\u00e4rp\u00e5 f\u00e5r hon ett mejl fr\u00e5n personalavdelningen. I vad hon uppfattar som en ilsken ton uppmanas hon att r\u00e4tta sina felaktiga st\u00e4mplingar via ett system som kallas \u2018sj\u00e4lvservice\u2019. Hon g\u00e5r till intran\u00e4tet och letar efter n\u00e5gon lista \u00f6ver system. Inget system heter sj\u00e4lvservice, men hon tror sig ha hittat r\u00e4tt \u00e4nd\u00e5.<\/p>\n<p>Hon \u00e4r os\u00e4ker p\u00e5 om hon har inloggningsuppgifter till det h\u00e4r systemet, eller om det \u00e4r samma som till n\u00e5got av alla de andra. N\u00e4r hon misslyckats f\u00f6rsta g\u00e5ngen dyker det upp ett felmeddelande som varnar f\u00f6r att nu har hon bara tv\u00e5 f\u00f6rs\u00f6k till p\u00e5 sig innan hennes konto blir l\u00e5st. Rena rama lotteriet att ha tv\u00e5 chanser till p\u00e5 sig med tanke p\u00e5 hur m\u00e5nga kombinationer av anv\u00e4ndarnamn och l\u00f6senord hon har i jobbet. Efter tre misslyckanden kommer det fram ett meddelande om att hon nu m\u00e5ste ta kontakt med\u00a0sinHR-representant f\u00f6r att f\u00e5 \u00e5tkomst igen. Ok, hon letar runt p\u00e5 intran\u00e4tet och hittar en sida om HR. Inneh\u00e5llet verkar f\u00f6rklara en massa ov\u00e4sentligheter. Efter ett tag hittar hon fram till en sida som heter kontakt, men ingenstans finns n\u00e5gon hj\u00e4lp att hitta fram till den enda kontaktuppgiften hon beh\u00f6ver &#8211; just\u00a0hennes\u00a0HR-representant. Hon skjuter upp det till att g\u00f6ra ett nytt f\u00f6rs\u00f6k senare.<\/p>\n<p>Under hela eftermiddagen \u00e4r ljudniv\u00e5n f\u00f6r h\u00f6g f\u00f6r att Kaethe ska kunna koncentrera sig. Hon sitter mestadels och stirrar tomt ned p\u00e5 sk\u00e4rmen, den datorn var inte s\u00e5 inbjudande till arbete n\u00e4r hon inte kan jobba med den via den externa sk\u00e4rmen, tangentbordet och musen. N\u00e4r hon g\u00e5r hem inser hon att hon m\u00e5ste st\u00e4mpla ut. P\u00e5 datorn vid utg\u00e5ngen skriver hon in sina uppgifter och m\u00f6ts av ett meddelande att hon har f\u00f6r m\u00e5nga felaktiga st\u00e4mplingar och m\u00e5ste kontakta\u00a0<em>sin<\/em>\u00a0HR-representant. Utmattat undrar hon vad konsekvenserna \u00e4r av detta, men ger upp det hela och g\u00e5r hem.<\/p>\n<p>N\u00e4sta dags arbetsb\u00f6rda b\u00f6rjar med att f\u00e5 ett meddelande om att hon har f\u00f6r m\u00e5nga felaktiga st\u00e4mplingar, dessutom saknas det en registrerad lunch fr\u00e5n dagen innan och att hon m\u00e5ste kontakta\u00a0<em>sin<\/em>\u00a0HR-representant, omg\u00e5ende\u2026<\/p>\n<h4>Kaethes behov av Universell utformning<\/h4>\n<p>Det Kaethe har r\u00e5kat ut f\u00f6r under en d\u00e5lig dag \u00e4r en design som brister kring flera av principerna inom Universell utformning, bland annat:<\/p>\n<ul>\n<li>UD-princip ett (1c enligt The Principles of Universal Design [^25]) i stadsmilj\u00f6n hade ett trafikljus eller tunnel under v\u00e4gen undvikit sammanst\u00f6tningar mellan olika trafikslag.<\/li>\n<li>UD-princip ett d\u00e5 det beh\u00f6vs lokaler f\u00f6r anv\u00e4ndarens f\u00f6r\u00e4nderliga behov, exempelvis en ledig toalett f\u00f6r att g\u00f6mma sig p\u00e5, eller ett rum att g\u00e5 in i n\u00e4r man beh\u00f6ver tystnad f\u00f6r att klara av att jobba.<\/li>\n<li>UD-princip ett (1b enligt The Principles of Universal Design [^25]) d\u00e5 Kaethe blir tvungen att hantera en d\u00e5lig relation till en kollega hon ska samarbeta med.<\/li>\n<li>UD-princip tre (3a enligt The Principles of Universal Design [^25]) d\u00e5 Kaethes jobbdator inte gick att koppla in till den sk\u00e4rm, tangentbord eller mus-konfiguration hon var van vid.<\/li>\n<li>UD-princip tre (3c enligt The Principles of Universal Design [^25]) eftersom st\u00e4mpeldatorns spr\u00e5kbruk inte var begripligt f\u00f6r en (p\u00e5 svenska) spr\u00e5ksvag invandrare.<\/li>\n<li>UD-princip fem (5b enligt The Principles of Universal Design [^25]) ett system m\u00e5ste vara behj\u00e4lpligt att reda upp ett fel anv\u00e4ndaren gjort, det borde r\u00e4cka att f\u00f6rs\u00f6ka f\u00f6r att inte b\u00f6rja stapla upp fler fel n\u00e4r man f\u00f6rs\u00f6ker l\u00f6sa det f\u00f6rsta.<\/li>\n<\/ul>\n<h3>Sammanfattning av personas<\/h3>\n<p>Som du nog m\u00e4rkt \u00e4r en bra arbetsdag s\u00e5 som de beskrivs i ovanst\u00e5ende personas smockfull av krav och antaganden att allt fungerar osannolikt bra p\u00e5 alla fronter i en persons liv. S\u00e5 ser det f\u00f6rst\u00e5s n\u00e4stan aldrig ut f\u00f6r n\u00e5gon.<\/p>\n<p>Vi befinner oss n\u00e5gonstans emellan. Dessutom \u00e4r vi inte alltid kapabla att ha full uppm\u00e4rksamhet eller vara koncentrerade p\u00e5 arbetsuppgiften.<\/p>\n<p>Vid design av IT-system och processer \u00e4r det v\u00e4rt att fundera p\u00e5 hur en personas utveckling ser ut \u00f6ver flera dagar och att en anv\u00e4ndare har ett bagage enbart p\u00e5 grund av att de \u00e4r m\u00e4nskliga. Har Kaethe f\u00f6ruts\u00e4ttningen till att ha en mindre d\u00e5lig dag imorgon, eller \u00e4r det en spiral mot botten p\u00e5 grund av \u00f6kad b\u00f6rda? Vad kan \u00e4ndras f\u00f6r att bryta en negativ trend f\u00f6r en persona?<\/p>\n<h2>Resultat av simulering<\/h2>\n<p>Jag har simulerat Bosse Busschaffis behov av mobil internetuppkoppling och \u00e5tkomst till det intran\u00e4t V\u00e4stra G\u00f6talandsregionen erbjuder. M\u00e4rk v\u00e4l att kollektivtrafiken har ett annat intran\u00e4t, s\u00e5 detta \u00e4r ett exempel n\u00e4rmre det majoriteten av anst\u00e4llda anv\u00e4nder.<\/p>\n<p>Platsen f\u00f6r min simulering \u00e4r bussens v\u00e4ndplats i samh\u00e4llet Fengersfors, en liten samling hus mellan \u00c5m\u00e5l och Bengtsfors.<\/p>\n<p>Med full t\u00e4ckning p\u00e5 arbetsgivarens upphandlade mobilleverant\u00f6rs 4G-n\u00e4t under november 2016, inte batterispar s\u00e5 det borde vara \u00f6ppna spj\u00e4ll, m\u00e4tt fr\u00e5n en h\u00f6gpresterande dator (snarare \u00e4n en i j\u00e4mf\u00f6relse klen mobil enhet). Detta \u00e4r helt enkelt <em>en extremt optimistisk m\u00e4tning<\/em>.<\/p>\n<h3>Test ett &#8211; anv\u00e4nda dator<\/h3>\n<figure id=\"attachment_855\" aria-describedby=\"caption-attachment-855\" style=\"width: 809px\" class=\"wp-caption alignnone\"><a href=\"https:\/\/vgrblogg.se\/utveckling\/wp-content\/uploads\/sites\/3\/2017\/02\/insidan-startsida.jpg\"><img loading=\"lazy\" decoding=\"async\" class=\"size-large wp-image-855\" src=\"https:\/\/vgrblogg.se\/utveckling\/wp-content\/uploads\/sites\/3\/2017\/02\/insidan-startsida.jpg?w=809\" alt=\"Intran\u00e4tet laddas in p\u00e5 sex sekunder under optimala f\u00f6rh\u00e5llanden\" width=\"809\" height=\"516\" srcset=\"https:\/\/vgrblogg.se\/utveckling\/wp-content\/uploads\/sites\/3\/2017\/02\/insidan-startsida.jpg 1999w, https:\/\/vgrblogg.se\/utveckling\/wp-content\/uploads\/sites\/3\/2017\/02\/insidan-startsida-300x191.jpg 300w, https:\/\/vgrblogg.se\/utveckling\/wp-content\/uploads\/sites\/3\/2017\/02\/insidan-startsida-768x490.jpg 768w, https:\/\/vgrblogg.se\/utveckling\/wp-content\/uploads\/sites\/3\/2017\/02\/insidan-startsida-1024x653.jpg 1024w\" sizes=\"(max-width: 767px) 89vw, (max-width: 1000px) 54vw, (max-width: 1071px) 543px, 580px\" \/><\/a><figcaption id=\"caption-attachment-855\" class=\"wp-caption-text\">Sex sekunder under optimala f\u00f6rh\u00e5llanden.<\/figcaption><\/figure>\n<p>Med en tom cache i webbl\u00e4saren m\u00e5ste allt laddas in, ingenting ligger redan lokalt p\u00e5 datorn\/mobilen. Ur det scenariot med optimal mobil hastighet tog det knappt sex sekunder att ladda in sidan komplett, enligt app.telemetrys plugin till Firefox. Det \u00e4r v\u00e4sentligt mer \u00e4n den sekund som m\u00e4nniskor v\u00e4ntar vid vad som upplevs som en konversation. Sex sekunder \u00e4r ocks\u00e5 f\u00f6rsta gr\u00e4nsen f\u00f6r vad en normalt fungerande m\u00e4nniska klarar av att vara uppm\u00e4rksam p\u00e5 en enskild uppgift, enligt Jeff Johnson [^26].<\/p>\n<blockquote><p>\u201cBecause 1 second is the maximum gap expected in conversation, and because operating an interactive system is a form of conversation, interactive systems should avoid lengthy gaps in their side of the conversation. Otherwise, the human user will wonder what is happening. Systems have about 1 second to either do what the user asked or indicate how long it will take. Otherwise, users get impatient.\u201d<br \/>\n&#8211; Jeff Johnson, &#8221;Designing for the Mind in Mind&#8221; (2014), sida 207<\/p><\/blockquote>\n<figure id=\"attachment_854\" aria-describedby=\"caption-attachment-854\" style=\"width: 809px\" class=\"wp-caption alignnone\"><a href=\"https:\/\/vgrblogg.se\/utveckling\/wp-content\/uploads\/sites\/3\/2017\/02\/insidan-startsida-2.jpg\"><img loading=\"lazy\" decoding=\"async\" class=\"size-large wp-image-854\" src=\"https:\/\/vgrblogg.se\/utveckling\/wp-content\/uploads\/sites\/3\/2017\/02\/insidan-startsida-2.jpg?w=809\" alt=\"Tre sekunder f\u00f6r ett \u00e5terbes\u00f6k under optimala f\u00f6rh\u00e5llanden.\" width=\"809\" height=\"554\" srcset=\"https:\/\/vgrblogg.se\/utveckling\/wp-content\/uploads\/sites\/3\/2017\/02\/insidan-startsida-2.jpg 1999w, https:\/\/vgrblogg.se\/utveckling\/wp-content\/uploads\/sites\/3\/2017\/02\/insidan-startsida-2-300x206.jpg 300w, https:\/\/vgrblogg.se\/utveckling\/wp-content\/uploads\/sites\/3\/2017\/02\/insidan-startsida-2-768x526.jpg 768w, https:\/\/vgrblogg.se\/utveckling\/wp-content\/uploads\/sites\/3\/2017\/02\/insidan-startsida-2-1024x702.jpg 1024w\" sizes=\"(max-width: 767px) 89vw, (max-width: 1000px) 54vw, (max-width: 1071px) 543px, 580px\" \/><\/a><figcaption id=\"caption-attachment-854\" class=\"wp-caption-text\">Tre sekunder tar ett \u00e5terbes\u00f6k.<\/figcaption><\/figure>\n<p>Kommer bes\u00f6karen tillbaka till samma startsida innan webbl\u00e4sarens cache-minne har b\u00f6rjat t\u00f6mmas tar det ist\u00e4llet knappt tre sekunder under optimala mobila f\u00f6rh\u00e5llanden.<\/p>\n<figure id=\"attachment_852\" aria-describedby=\"caption-attachment-852\" style=\"width: 809px\" class=\"wp-caption alignnone\"><a href=\"https:\/\/vgrblogg.se\/utveckling\/wp-content\/uploads\/sites\/3\/2017\/02\/insidan-kontakt.jpg\"><img loading=\"lazy\" decoding=\"async\" class=\"size-large wp-image-852\" src=\"https:\/\/vgrblogg.se\/utveckling\/wp-content\/uploads\/sites\/3\/2017\/02\/insidan-kontakt.jpg?w=809\" alt=\"Tv\u00e5 sekunder f\u00f6r en enkel undersida vid optimala f\u00f6rh\u00e5llanden\" width=\"809\" height=\"590\" srcset=\"https:\/\/vgrblogg.se\/utveckling\/wp-content\/uploads\/sites\/3\/2017\/02\/insidan-kontakt.jpg 1996w, https:\/\/vgrblogg.se\/utveckling\/wp-content\/uploads\/sites\/3\/2017\/02\/insidan-kontakt-300x219.jpg 300w, https:\/\/vgrblogg.se\/utveckling\/wp-content\/uploads\/sites\/3\/2017\/02\/insidan-kontakt-768x560.jpg 768w, https:\/\/vgrblogg.se\/utveckling\/wp-content\/uploads\/sites\/3\/2017\/02\/insidan-kontakt-1024x746.jpg 1024w\" sizes=\"(max-width: 767px) 89vw, (max-width: 1000px) 54vw, (max-width: 1071px) 543px, 580px\" \/><\/a><figcaption id=\"caption-attachment-852\" class=\"wp-caption-text\">Tv\u00e5 sekunder om det \u00e4r en enklare sida.<\/figcaption><\/figure>\n<p>En lite enklare sida, med f\u00e4rre tunga bilder, tar under tv\u00e5 sekunder att ladda in n\u00e4r allt g\u00e5r som det ska.<\/p>\n<h3>Test tv\u00e5 &#8211; anslut fr\u00e5n en mobil pryl<\/h3>\n<p>Det simulerade scenariot \u00e4r att leta r\u00e4tt p\u00e5 schema f\u00f6r anv\u00e4ndarens egna arbetsplats i \u00c5m\u00e5l. Till att b\u00f6rja med \u00e4r inte intran\u00e4tet designat f\u00f6r n\u00e5got annat \u00e4n en ordin\u00e4r dators sk\u00e4rmstorlek.<\/p>\n<p><a href=\"https:\/\/vgrblogg.se\/utveckling\/wp-content\/uploads\/sites\/3\/2017\/02\/inloggning-mobil.png\"><img loading=\"lazy\" decoding=\"async\" class=\"alignnone size-full wp-image-851\" src=\"https:\/\/vgrblogg.se\/utveckling\/wp-content\/uploads\/sites\/3\/2017\/02\/inloggning-mobil.png\" alt=\"Mobil inloggning till intran\u00e4tet\" width=\"750\" height=\"1334\" \/><\/a><\/p>\n<p>Ovanst\u00e5ende bild: Inloggningen till intran\u00e4tet \u00e4r inte redo f\u00f6r mobil anv\u00e4ndning 2016. Licensen till beh\u00f6righetssystemet inom VGR l\u00f6per enligt uppgift ut f\u00f6rst 2020 &#8211; tretton \u00e5r efter att Apple gjorde den mobila webben tillg\u00e4nglig f\u00f6r vanligt folk. Som mobil anv\u00e4ndare hoppas man p\u00e5 att den byts ut snarast.<\/p>\n<p>Inloggningen \u00e4r i strid med &#8211; eller \u00e5tminstone inte f\u00f6ljsamma till &#8211; UD-principerna ett, tv\u00e5, tre, fyra och sju om den tolkas mer digitalt.<\/p>\n<p><a href=\"https:\/\/vgrblogg.se\/utveckling\/wp-content\/uploads\/sites\/3\/2017\/02\/insidan-mobil.png\"><img loading=\"lazy\" decoding=\"async\" class=\"alignnone size-full wp-image-853\" src=\"https:\/\/vgrblogg.se\/utveckling\/wp-content\/uploads\/sites\/3\/2017\/02\/insidan-mobil.png\" alt=\"Intran\u00e4tet sedd p\u00e5 en mobil pryl\" width=\"750\" height=\"1334\" srcset=\"https:\/\/vgrblogg.se\/utveckling\/wp-content\/uploads\/sites\/3\/2017\/02\/insidan-mobil.png 750w, https:\/\/vgrblogg.se\/utveckling\/wp-content\/uploads\/sites\/3\/2017\/02\/insidan-mobil-169x300.png 169w, https:\/\/vgrblogg.se\/utveckling\/wp-content\/uploads\/sites\/3\/2017\/02\/insidan-mobil-576x1024.png 576w\" sizes=\"(max-width: 706px) 89vw, (max-width: 767px) 82vw, 740px\" \/><\/a><\/p>\n<p>Sv\u00e5rt att uppfatta p\u00e5 en liten sk\u00e4rm. Zoomar man s\u00e5 tappar man ist\u00e4llet orienteringen. Inte bra ur n\u00e4stan n\u00e5gon UD-princip.<\/p>\n<figure id=\"attachment_860\" aria-describedby=\"caption-attachment-860\" style=\"width: 750px\" class=\"wp-caption alignnone\"><a href=\"https:\/\/vgrblogg.se\/utveckling\/wp-content\/uploads\/sites\/3\/2017\/02\/schema-amal-vgintra.png\"><img loading=\"lazy\" decoding=\"async\" class=\"size-full wp-image-860\" src=\"https:\/\/vgrblogg.se\/utveckling\/wp-content\/uploads\/sites\/3\/2017\/02\/schema-amal-vgintra.png\" alt=\"S\u00f6kmotorn st\u00f6djer inte s\u00f6kning p\u00e5 intran\u00e4tet om man \u00e4r p\u00e5 mobiln\u00e4tet\" width=\"750\" height=\"1334\" srcset=\"https:\/\/vgrblogg.se\/utveckling\/wp-content\/uploads\/sites\/3\/2017\/02\/schema-amal-vgintra.png 750w, https:\/\/vgrblogg.se\/utveckling\/wp-content\/uploads\/sites\/3\/2017\/02\/schema-amal-vgintra-169x300.png 169w, https:\/\/vgrblogg.se\/utveckling\/wp-content\/uploads\/sites\/3\/2017\/02\/schema-amal-vgintra-576x1024.png 576w\" sizes=\"(max-width: 706px) 89vw, (max-width: 767px) 82vw, 740px\" \/><\/a><figcaption id=\"caption-attachment-860\" class=\"wp-caption-text\">Trots inloggning kan inte intran\u00e4tet s\u00f6kas i.<\/figcaption><\/figure>\n<p>Vid en s\u00f6kning byts designen. Men trots inloggning har man inte beh\u00f6righet till internt material d\u00e5 s\u00f6kmotorn inte f\u00f6rst\u00e5r att mobila anv\u00e4ndare kan ha s\u00f6kt via det inloggade intran\u00e4tet. Finns allts\u00e5 ingen \u00f6verl\u00e4mning av beh\u00f6righet n\u00e4r intran\u00e4tet l\u00e4mnar \u00f6ver anv\u00e4ndarens s\u00f6kfr\u00e5ga till s\u00f6kmotorn.<\/p>\n<p>Designen \u00e4r mer i linje med den fj\u00e4rde UD-principen d\u00e5 materialet g\u00e5r att uppfatta, men ett till tre \u00e4r fortfarande underm\u00e5ligt gentemot anv\u00e4ndarens m\u00e5l. Man kan ocks\u00e5 undra kring spr\u00e5kbruket, vad inneb\u00e4r \u201cVGIntra\u201d egentligen?<\/p>\n<figure id=\"attachment_861\" aria-describedby=\"caption-attachment-861\" style=\"width: 750px\" class=\"wp-caption alignnone\"><a href=\"https:\/\/vgrblogg.se\/utveckling\/wp-content\/uploads\/sites\/3\/2017\/02\/schema-amal.png\"><img loading=\"lazy\" decoding=\"async\" class=\"size-full wp-image-861\" src=\"https:\/\/vgrblogg.se\/utveckling\/wp-content\/uploads\/sites\/3\/2017\/02\/schema-amal.png\" alt=\"F\u00f6lja rekommendationen fr\u00e5n s\u00f6kmotorn s\u00e5 f\u00e5r man irrelevanta tr\u00e4ffar\" width=\"750\" height=\"1334\" srcset=\"https:\/\/vgrblogg.se\/utveckling\/wp-content\/uploads\/sites\/3\/2017\/02\/schema-amal.png 750w, https:\/\/vgrblogg.se\/utveckling\/wp-content\/uploads\/sites\/3\/2017\/02\/schema-amal-169x300.png 169w, https:\/\/vgrblogg.se\/utveckling\/wp-content\/uploads\/sites\/3\/2017\/02\/schema-amal-576x1024.png 576w\" sizes=\"(max-width: 706px) 89vw, (max-width: 767px) 82vw, 740px\" \/><\/a><figcaption id=\"caption-attachment-861\" class=\"wp-caption-text\">Inte direkt relevanta tr\u00e4ffar om man g\u00f6r som man blev tillsagd.<\/figcaption><\/figure>\n<p>F\u00f6ljer man varningsmeddelandets rekommendation och utvidgar sin s\u00f6kning f\u00e5r man ist\u00e4llet tr\u00e4ffar utan relevans eller ens samma kontext.<\/p>\n<h3>Ett sanningens ord om mobil uppkoppling<\/h3>\n<p>\u00c4ven fast de nordiska l\u00e4nderna ligger bra till n\u00e4r det g\u00e4ller mobiln\u00e4tet finns det h\u00f6gst normala begr\u00e4nsningar som p\u00e5verkar utformningen av IT-system som anv\u00e4nds \u00f6ver mobiln\u00e4tet. Den antagligen st\u00f6rsta auktoriteten p\u00e5 \u00e4mnet webbprestanda \u00e4r Ilya Grigorik som \u00e4r prestandaexpert hos Google. Med data fr\u00e5n <a href=\"http:\/\/opensignal.com\">opensignal.com<\/a>\u00a0och egna unders\u00f6kningar [^27] har Ilya och Google kommit fram till att \u00e4ven om anv\u00e4ndaren \u00e4r uppkopplad p\u00e5 4G-n\u00e4tet misslyckas 0,3-1 % av sidvisningarna eftersom mobilen i sj\u00e4lva verket \u00e4r offline. F\u00f6r de som \u00e4r p\u00e5 3G-n\u00e4tet, vilket man ibland skickas \u00f6ver till om man exempelvis f\u00e4rdas, \u00e4r det ist\u00e4llet 2-5 % &#8211; d\u00e5 b\u00f6rjar vi n\u00e4rma oss att var tjugonde sidvisning inte kommer att lyckas. Fr\u00e5gan \u00e4r hur m\u00e5nga sidvisningar en fullf\u00f6ljd session p\u00e5 intran\u00e4tet kr\u00e4ver? Ju fler desto st\u00f6rre risk att st\u00f6ta p\u00e5 problem, ju fler filer eller antalet filer, desto st\u00f6rre risk att inte hinna med.<\/p>\n<p>Dessutom \u00e4r det oftare \u00e4n man m\u00e4rker som telefonen inte har uppkoppling till n\u00e4tet \u00f6ver huvud taget. Ibland stj\u00e4l ett publikt stadsn\u00e4t, som G\u00f6teborg Stads g\u00e4stn\u00e4t, mobilens uppkoppling genom att v\u00e4xla \u00f6ver till ett wifi mobilen k\u00e4nner igen. M\u00e5nga av dessa n\u00e4t kr\u00e4ver att man loggar in p\u00e5 nytt innan man f\u00e5r \u00e5tkomst till n\u00e4tet. Det g\u00e4ller bara att anv\u00e4ndaren uppt\u00e4cker detta missf\u00f6rh\u00e5llande och tar denna omv\u00e4g till att p\u00e5 nytt f\u00e5 \u00e5tkomst till n\u00e4tet.<\/p>\n<p>Detta ut\u00f6ver att sj\u00e4lva hastigheten i sig \u00e4r en stor utmaning i relation till den mobila anv\u00e4ndarens t\u00e5lamod och uppm\u00e4rksamhet.<\/p>\n<h3>St\u00e4mpeldatorn Kom &amp; G\u00e5<\/h3>\n<p>Om nu anv\u00e4ndaren Bosse Busschaffis skulle f\u00f6rs\u00f6ka st\u00e4mpla in och ut p\u00e5 en av arbetsgivaren utplacerad dator f\u00f6r \u00e4ndam\u00e5let g\u00e4ller det att han minns ov\u00e4sentliga saker. Du beh\u00f6ver antingen ange ett anv\u00e4ndarnamn &#8211; som visserligen \u00e4r relativt standardisererat, men fr\u00e4mst \u00e4r l\u00e4tt f\u00f6r kontorsarbetare att memorera genom frekvent anv\u00e4ndning &#8211; eller s\u00e5 kan du ange ditt personnummer. (\u00c4r man lik Kaethe d\u00e4remot kan man r\u00e5ka ut f\u00f6r att en och samma systemleverant\u00f6r har 3-4 olika s\u00e4tt att ange ett anv\u00e4ndarnamn, men det \u00e4r en annan historia).<\/p>\n<p>L\u00e5t s\u00e4ga att Bosse anger sitt personnummer. D\u00e5 g\u00e5r det bra att ha bindestreck mellan f\u00f6delsedatumet och de fyra sista siffrorna, men systemet accepterar inte av n\u00e5gon anledning att man anger ett mellanslag.<\/p>\n<p><a href=\"https:\/\/vgrblogg.se\/utveckling\/wp-content\/uploads\/sites\/3\/2017\/02\/kog-ifyllt.jpg\"><img loading=\"lazy\" decoding=\"async\" class=\"alignnone size-large wp-image-858\" src=\"https:\/\/vgrblogg.se\/utveckling\/wp-content\/uploads\/sites\/3\/2017\/02\/kog-ifyllt.jpg?w=809\" alt=\"Kom o G\u00e5 startsk\u00e4rm\" width=\"809\" height=\"607\" srcset=\"https:\/\/vgrblogg.se\/utveckling\/wp-content\/uploads\/sites\/3\/2017\/02\/kog-ifyllt.jpg 1999w, https:\/\/vgrblogg.se\/utveckling\/wp-content\/uploads\/sites\/3\/2017\/02\/kog-ifyllt-300x225.jpg 300w, https:\/\/vgrblogg.se\/utveckling\/wp-content\/uploads\/sites\/3\/2017\/02\/kog-ifyllt-768x576.jpg 768w, https:\/\/vgrblogg.se\/utveckling\/wp-content\/uploads\/sites\/3\/2017\/02\/kog-ifyllt-1024x768.jpg 1024w\" sizes=\"(max-width: 767px) 89vw, (max-width: 1000px) 54vw, (max-width: 1071px) 543px, 580px\" \/><\/a><\/p>\n<p>F\u00f6r att g\u00f6ra det extra kr\u00e5ngligt \u00e4r det man matar in maskerat, vilket g\u00f6r det sv\u00e5rt att verifiera vad man skrivit eller r\u00e4tta innan man g\u00e5r vidare. F\u00f6r den som sitter vid dator dagarna i \u00e4nda kanske siffrorna p\u00e5 tangentbordet sitter i muskelminnet, men Bosse har en massa andra knappar han anv\u00e4nder mest under arbetstid.<\/p>\n<p>UD-princip fyra, det g\u00e5r inte att uppfatta vad man angett. F\u00f6r att inte tala om att Ok-knappen \u00e4r placerad 2-3 decimeter fr\u00e5n f\u00e4ltet man fyller i. Under en meningsl\u00f6s men utsmyckande bild som stj\u00e4l fokus! Knappen \u00e4r helt enkelt inom den del av synf\u00e4ltet d\u00e4r varje anv\u00e4ndare \u00e4r praktiskt taget blind.<\/p>\n<p><a href=\"https:\/\/vgrblogg.se\/utveckling\/wp-content\/uploads\/sites\/3\/2017\/02\/kog-blank.jpg\"><img loading=\"lazy\" decoding=\"async\" class=\"alignnone size-large wp-image-857\" src=\"https:\/\/vgrblogg.se\/utveckling\/wp-content\/uploads\/sites\/3\/2017\/02\/kog-blank.jpg?w=809\" alt=\"Kom o G\u00e5 ger felmeddelande\" width=\"809\" height=\"607\" srcset=\"https:\/\/vgrblogg.se\/utveckling\/wp-content\/uploads\/sites\/3\/2017\/02\/kog-blank.jpg 1999w, https:\/\/vgrblogg.se\/utveckling\/wp-content\/uploads\/sites\/3\/2017\/02\/kog-blank-300x225.jpg 300w, https:\/\/vgrblogg.se\/utveckling\/wp-content\/uploads\/sites\/3\/2017\/02\/kog-blank-768x576.jpg 768w, https:\/\/vgrblogg.se\/utveckling\/wp-content\/uploads\/sites\/3\/2017\/02\/kog-blank-1024x768.jpg 1024w\" sizes=\"(max-width: 767px) 89vw, (max-width: 1000px) 54vw, (max-width: 1071px) 543px, 580px\" \/><\/a><\/p>\n<p>I strid med UD-princip fem anges att personnumret \u00e4r felaktigt, \u00e4ven n\u00e4r det snarare \u00e4r formatet som det matades in som inte f\u00f6ll inom systemets \u00f6nskem\u00e5l om att inte ha mellanslag. Felmeddelandet \u00e4r helt enkelt inte hj\u00e4lpsamt eller sakligt.<\/p>\n<p><a href=\"https:\/\/vgrblogg.se\/utveckling\/wp-content\/uploads\/sites\/3\/2017\/02\/kog-inloggad.jpg\"><img loading=\"lazy\" decoding=\"async\" class=\"alignnone size-large wp-image-859\" src=\"https:\/\/vgrblogg.se\/utveckling\/wp-content\/uploads\/sites\/3\/2017\/02\/kog-inloggad.jpg?w=809\" alt=\"Kom o G\u00e5 som inloggad anv\u00e4ndare\" width=\"809\" height=\"607\" srcset=\"https:\/\/vgrblogg.se\/utveckling\/wp-content\/uploads\/sites\/3\/2017\/02\/kog-inloggad.jpg 1999w, https:\/\/vgrblogg.se\/utveckling\/wp-content\/uploads\/sites\/3\/2017\/02\/kog-inloggad-300x225.jpg 300w, https:\/\/vgrblogg.se\/utveckling\/wp-content\/uploads\/sites\/3\/2017\/02\/kog-inloggad-768x576.jpg 768w, https:\/\/vgrblogg.se\/utveckling\/wp-content\/uploads\/sites\/3\/2017\/02\/kog-inloggad-1024x768.jpg 1024w\" sizes=\"(max-width: 767px) 89vw, (max-width: 1000px) 54vw, (max-width: 1071px) 543px, 580px\" \/><\/a><\/p>\n<p>I konflikt med UD-princip sex \u00e4r allt utom knapparna sv\u00e5rl\u00e4sta f\u00f6r l\u00e4ngre personer. F\u00f6r att kolla en uppgift kan man ocks\u00e5 tack vare gr\u00f6n svag-kontrast-text beh\u00f6va luta sig fram eller anstr\u00e4nga \u00f6gonen lite extra, vilket inte fr\u00e4mjar en neutral kroppsposition.<\/p>\n<h2>\u00c5terkoppling fr\u00e5n representativa anv\u00e4ndare och person med psykisk oh\u00e4lsa + kognitiv neds\u00e4ttning<\/h2>\n<p>Jag har m\u00f6tt personer drabbade av, och insatta i (bland annat), kognitiva neds\u00e4ttningar och psykisk oh\u00e4lsa hos Stiftelsen Gyllenkroken [^24]. Samt st\u00e4llt uppf\u00f6ljande fr\u00e5gor till de som besvarat enk\u00e4ten och kollegor n\u00e4r de mer spontant haft synpunkter p\u00e5 n\u00e5got verktyg.<\/p>\n<p>De flesta talar om ett avs\u00e4ndarperspektiv p\u00e5 det material som f\u00f6rv\u00e4ntas st\u00f6dja n\u00e5gon. Avs\u00e4ndaren har inte satt sig in i den konsumerande anv\u00e4ndarens f\u00f6ruts\u00e4ttningar och kunskaper. Allt oftare \u00e4r det sv\u00e5rt att f\u00e5 reda p\u00e5 vem man ska kontakta, att telefonnummer g\u00f6ms undan och att man m\u00f6ts av anonyma blanketter och formul\u00e4r som efter att de s\u00e4nts iv\u00e4g inte p\u00e5 n\u00e5got s\u00e4tt g\u00e5r att kolla hur \u00e4rendet fortskrider. I dessa situationer blir det f\u00f6r en person med psykisk oh\u00e4lsa eller kognitiv neds\u00e4ttning v\u00e4ldigt sv\u00e5rt, p\u00e5 flera s\u00e4tt. Dels kan det bli ohanterbart m\u00e5nga saker som p\u00e5g\u00e5r samtidigt, men man kan ocks\u00e5 b\u00f6rja bygga upp en diskrepans gentemot verkligheten kring vad som f\u00f6rsigg\u00e5r d\u00e4r borta d\u00e4r \u00e4rendet f\u00f6rhoppningsvis p\u00e5g\u00e5r. Detta m\u00e4rker man lite kring det f\u00f6rv\u00e4ntansglapp som ibland v\u00e4xer mellan best\u00e4llning av n\u00e5got och en inte tillr\u00e4ckligt skyndsam leverans. Efter ett tag har man inte samma uppfattning, men \u00e4r inte n\u00f6dv\u00e4ndigtvis medveten om det sj\u00e4lv.<\/p>\n<p>En person pratar om arbetets natur som s\u00e5dant idag och att vi fostrats till ot\u00e5lighet. Hen exemplifierar med att om man f\u00f6rr fick uppgiften att leta r\u00e4tt p\u00e5 n\u00e5got i ett fysiskt arkiv s\u00e5 kunde det g\u00e5 fyra timmar av k\u00e4nsla att man n\u00e4rmar sig m\u00e5let, det fanns en p\u00e5taglig begr\u00e4nsning d\u00e5 arkivet hade ett visst omf\u00e5ng. J\u00e4mf\u00f6rt med den effektivitet i tid som en digital s\u00f6kning tar \u00f6kar ocks\u00e5 f\u00f6rv\u00e4ntan p\u00e5 att arbetsinsatsen inte f\u00e5r lov att ta tid. D\u00e5 kan ett g\u00e4ng sekunders v\u00e4ntan p\u00e5 att IT-systemet svarar bli outh\u00e4rdligt i j\u00e4mf\u00f6relse med flera timmar av insats i det fysiskt avgr\u00e4nsade arkivet.<\/p>\n<p>Hen n\u00e4mnde ocks\u00e5 hur ombytligt hum\u00f6ret kan vara. Att en kognitivt nedsatt person en dag kan vara \u00f6verlycklig kring ett visst sammanhang, men dagen efter hamna i affekt n\u00e4r inte de individuella behoven tillfredsst\u00e4lls. Exempelvis att en viss uppgift\u00a0m\u00e5ste\u00a0g\u00f6ras via en dator, eller ett system man inte har anledning att ha f\u00f6rtroende f\u00f6r eller tror sig kunna lyckas med det man vill uppn\u00e5. H\u00e4r kommer UD-princip tv\u00e5 in, det kanske inte \u00e4r rimligt att enbart h\u00e4nvisa ens de anst\u00e4llda till enbart ett s\u00e4tt att fullf\u00f6lja en uppgift? Kanske m\u00e5ste det finnas system som st\u00f6djer anv\u00e4ndaren ist\u00e4llet f\u00f6r att man ska skicka anv\u00e4ndaren p\u00e5 utbildning? F\u00f6r vad \u00e4r det som s\u00e4ger att anv\u00e4ndaren kan tillgodog\u00f6ra sig utbildningen, eller att det g\u00f6r anv\u00e4ndningen mindre sv\u00e5r?<\/p>\n<p>Avslutningsvis pratade vi om ett digitalt utanf\u00f6rskap. Inneb\u00e4r uppr\u00e4ttandet av en\u00a0digital\u00a0arbetsplats att vissa personer exkluderas?<\/p>\n<h3>Vilket bem\u00f6tande f\u00e5r en kognitivt nedsatt person g\u00e4llande tekniska system?<\/h3>\n<p><a href=\"https:\/\/vgrblogg.se\/utveckling\/wp-content\/uploads\/sites\/3\/2017\/02\/skypemutadmik-e1485978329240.png\"><img loading=\"lazy\" decoding=\"async\" class=\"alignright size-medium wp-image-862\" src=\"https:\/\/vgrblogg.se\/utveckling\/wp-content\/uploads\/sites\/3\/2017\/02\/skypemutadmik-e1485978329240.png?w=300\" alt=\"Skype for Business - pensionen i pant p\u00e5 om mikrofonen \u00e4r av eller p\u00e5?\" width=\"300\" height=\"239\" srcset=\"https:\/\/vgrblogg.se\/utveckling\/wp-content\/uploads\/sites\/3\/2017\/02\/skypemutadmik-e1485978329240.png 968w, https:\/\/vgrblogg.se\/utveckling\/wp-content\/uploads\/sites\/3\/2017\/02\/skypemutadmik-e1485978329240-300x239.png 300w, https:\/\/vgrblogg.se\/utveckling\/wp-content\/uploads\/sites\/3\/2017\/02\/skypemutadmik-e1485978329240-768x612.png 768w\" sizes=\"(max-width: 300px) 100vw, 300px\" \/><\/a><\/p>\n<p>En kollega, och \u00e4ven jag sj\u00e4lv, har ofta sv\u00e5rt med de ikoner\/knappar som finns i Skype for Business. Detta trots flitig anv\u00e4ndning i \u00f6ver ett \u00e5r.<\/p>\n<p>Tack vare att tekniken inte kan f\u00f6rklara ifall mikrofonen \u00e4r p\u00e5 inleder m\u00e5nga av oss n\u00e4stan varje samtal med \u201cHall\u00e5, h\u00f6rs jag eller?\u201d vilket skapar os\u00e4kerhet och g\u00f6r att man uppfattas som mindre IT-kunnig \u00e4n man skulle vara om man var \u00f6vertygad om mikrofonens status innan man b\u00f6rjar prata.<\/p>\n<p>En alternativ design vore att ha ett reglage, d\u00e4r det p\u00e5 ena sidan stod \u201cMikrofon av\u201d och p\u00e5 andra sidan \u201cMikrofon p\u00e5\u201d.<\/p>\n<p>Inte g\u00f6rs Skypes design b\u00e4ttre av att datorversionens alla knappar \u00e4r f\u00e4rgade oavsett dess status, medan man i mobilen anv\u00e4nder f\u00e4rg f\u00f6r att indikera n\u00e5gontings status. Hade man t\u00e4nkt till hade man dragit nytta av UD-princip tre, gjort designen konsekvent och \u00e5tminstone efter en del tid hade det blivit intuitivt f\u00f6r en frekvent anv\u00e4ndare.<\/p>\n<p>F\u00f6rutom att en anv\u00e4ndare utan kognitiva f\u00f6ruts\u00e4ttningar f\u00f6r ett visst system kan framst\u00e5 som okunnig och obildbar \u00e4ven efter utbildningar, s\u00e5 finns det fler aspekter. Det tycks ocks\u00e5 vara enkelt att b\u00f6rja recensera en s\u00e5dan person utifr\u00e5n ett mer moraliskt ramverk. \u00c4r det en latmask som borde l\u00e4gga manken till? Sp\u00e4nna b\u00e5gen h\u00e5rdare? \u00c4r hen gn\u00e4llig? Inkompetent? L\u00e4ttja \u00e4r en skamlig egenskap, trots allt.<\/p>\n<p>Fr\u00e5gan \u00e4r om man kan eller ska skuldbel\u00e4gga anv\u00e4ndaren, \u00f6ver huvud taget, n\u00e4r de inte f\u00e5r till det?<\/p>\n<h2>Sammanfattning, diskussion och slutsatser<\/h2>\n<p>En modern digital arbetsplats st\u00f6djer f\u00f6rst\u00e5s en mobilanv\u00e4ndare till fullo. Det f\u00f6ljer anv\u00e4ndaren f\u00f6r att erbjuda effektivitet i det sammanhang anv\u00e4ndaren befinner sig i. Att kunna administrera sitt jobb, delta p\u00e5 arbetsplatsen, vara kollegial, socialisera och h\u00e5lla sin kompetens p\u00e5 en bra niv\u00e5 \u00e4r s\u00e5dant som ska f\u00f6lja anv\u00e4ndaren\/den anst\u00e4llde. Exempelvis att s\u00f6ka ledighet, lyssna p\u00e5 avdelningsm\u00f6ten i efterhand, delta i m\u00f6ten p\u00e5 distans, tipsa en kollega om n\u00e5got baserat p\u00e5 en tidigare diskussion, m.m.<\/p>\n<p>F\u00f6r att avlasta anv\u00e4ndarens minne beh\u00f6ver denne kunna f\u00e5 agera p\u00e5 impulsen att slutf\u00f6ra n\u00e5got, ist\u00e4llet f\u00f6r att utveckla strategier f\u00f6r att inte gl\u00f6mma bort sina sysslor. Anv\u00e4ndbarhet i ett mobilt scenario har ett antal f\u00f6ruts\u00e4ttningar man beh\u00f6ver beakta n\u00e4r man t\u00e4nker design, exempelvis mikrointeraktioner. Det beh\u00f6ver vara snabbt avklarat att agera p\u00e5 n\u00e5got. Snarare \u00e4n att man ska beh\u00f6va upps\u00f6ka en mer station\u00e4r utrustning, vid ett senare tillf\u00e4lle.<\/p>\n<p>Tittar man p\u00e5 V\u00e4stra G\u00f6talandsregionens drygt 50 000 anst\u00e4llda \u00e4r det mindre \u00e4n 10 %[^23] som arbetar med traditionellt kontorsarbete. Exempelvis administration, ekonomi- och personalfr\u00e5gor, utredare, byr\u00e5krater, chefer, support och liknande. Den stora massan jobbar som sjuksk\u00f6terskor, l\u00e4kare, terapeuter, pedagoger, fastighetssk\u00f6tare, lokalv\u00e5rd, buss- och sp\u00e5rvagnschaff\u00f6rer, receptionister och mycket mer. Man \u00e4r allts\u00e5 r\u00f6rlig och enligt enk\u00e4ten \u00e4r inte ens kontorsarbetarna s\u00e4rskilt or\u00f6rliga.<\/p>\n<p>M\u00e5nga av de system som finns sedan tidigare f\u00f6r att st\u00f6tta de anst\u00e4llda \u00e4r ofta optimerade f\u00f6r kontorsarbetare &#8211; trots att majoriteten av m\u00e5lgruppen best\u00e5r av andra grupper av anv\u00e4ndare. Det \u00e4r uppenbart att arbetsplatsen inte \u00e4r mobil, det m\u00e4rks d\u00e5 i praktiken inget av systemen som utg\u00f6r den digitala arbetsplatsen \u00e4r tillg\u00e4nglig i en mobil pryl n\u00e4r man testar dem. Varken i den surfplatta l\u00e4karen har f\u00f6r att visa kroppens anatomi f\u00f6r sina patienter, inte heller den mobil som fastighetssk\u00f6taren har f\u00f6r att vara n\u00e5bar ute p\u00e5 uppdrag, eller i mobilen n\u00e4r kontorsarbetaren har bes\u00f6k av IT-personal som utf\u00f6r service p\u00e5 skrivbordsdatorn.<\/p>\n<p>Det inneb\u00e4r att den stora massan av anst\u00e4llda av n\u00e5gon anledning \u00e4r av sekund\u00e4r prioritet. Kan det bero p\u00e5 att de som p\u00e5verkar ink\u00f6p sj\u00e4lva r\u00e5kar vara kontorsarbetare och inte representativa anv\u00e4ndare? Jag skulle gissa p\u00e5 det.<\/p>\n<p>Jag hoppas p\u00e5 att V\u00e4stra G\u00f6talandsregionens n\u00e4sta intran\u00e4t och digitala arbetsplats bidrar till att Kaethe Kontorsarbetare kan k\u00e4nna sig produktiv trots allt som h\u00e4nder i hennes liv. Att Frida Fastighetssk\u00f6tare f\u00e5r lov att ha skitiga och stukade fingrar och att vi f\u00f6r Bosse Busschaffis skull inte \u00e4r sl\u00f6saktiga med hur mycket information som skickas \u00f6ver mobiln\u00e4tet.<\/p>\n<p>De insikter jag n\u00e5tt genom studierna och projektarbetet \u00e4r att ansatsen inom universell utformning \u00e4r bra och borde vara giltig l\u00e4nge till. Dock \u00e4r det sv\u00e5rare att applicera principerna i mer digitala sammanhang, m\u00f6jligen f\u00f6r att det finns en avsiktlighet att f\u00e5 den fysiska verkligheten anpassad \u201cen g\u00e5ng f\u00f6r alla\u201d, den \u00e4r trots allt mer l\u00e5nglivad \u00e4n de digitala motsvarigheterna. Men d\u00e5 de flesta av oss allt mer tycks vara uppslukade av den digitala milj\u00f6n \u00e4ven n\u00e4r vi r\u00f6r oss i den fysiska milj\u00f6n borde det vara minst lika viktigt att k\u00e4mpa med digital inkludering.<\/p>\n<p>Det jag hoppas ha bidragit till med projektarbetet \u00e4r att nyansera en arbetstagares vardag och peka ut exempel p\u00e5 n\u00e4r man inte ens m\u00f6ter en normalt sett h\u00f6gfungerande individs behov och p\u00e5 vilket s\u00e4tt det \u00e4r b\u00e5de om\u00e4nskligt och arbetshindrande.<\/p>\n<p>Jag har insett att principerna fr\u00e5n universell utformning \u00e4r en mycket god utg\u00e5ngspunkt men att det kan vara klarg\u00f6rande om man kompletterar dem med principer fr\u00e5n andra syns\u00e4tt. Bland annat verkar \u201cservice design thinking\u201d ha en del att bidra med fokus p\u00e5 anv\u00e4ndarens sammanhang och vilka sekvenser det medf\u00f6r att vara en anv\u00e4ndare av n\u00e5got som p\u00e5g\u00e5r \u00f6ver l\u00e4ngre tid. Exempelvis \u00e4r man ju anv\u00e4ndare p\u00e5 sin arbetsplats dag ut och dag in, d\u00e4r man under m\u00e5nga timmar per vecka som anv\u00e4ndare har en upplevelse av en och samma organisation &#8211; det skiljer sig markant ifr\u00e5n att vid ett enskilt tillf\u00e4lle misslyckas med en sax skapat f\u00f6r ens ovana hand. Jag tror att den l\u00e5ngsiktigheten p\u00e5verkar ens f\u00f6rv\u00e4ntan &#8211; sen om det ger h\u00f6g f\u00f6rv\u00e4ntan eller f\u00f6rv\u00e4ntans\u00e5ngest beror nog p\u00e5 arbetsplatsen.<\/p>\n<h3>Referenser<\/h3>\n<p>[^1]: Per-Olof Hedvall,\u00a0Bodil J\u00f6nsson, \u201cAtt s\u00e5 vidare\u201c (2015)<\/p>\n<p>[^2]: Eric Meyer och Sara Wachter-Boettcher, \u201c<a href=\"https:\/\/abookapart.com\/products\/design-for-real-life\">Design for Real Life<\/a>\u201d (2016)<\/p>\n<p>[^3]: Edward Steinfeld och Jordana L. Maisel, boken \u201cUniversal Design &#8211; Creating Inclusive Enviroments\u201d, sida 28 (2012)<\/p>\n<p>[^4]: Mace, R i \u201cUniversal Design, Barrier Free Environments for Everyone\u201d (1985)<\/p>\n<p>[^5]: H\u00e4mtat fr\u00e5n <a href=\"http:\/\/www.designforalleurope.org\/Design-for-all\">www.designforalleurope.org\/Design-for-all\/<\/a>, enligt sida 43 i \u201cUniversal Design\u201d (2012)<\/p>\n<p>[^6]: Bettye Rose Connell, Mike Jones, Ron Mace, Jim Mueller, Abir Mullick, Elaine Ostroff, Jon Sanford, Ed Steinfeld, Molly Story &amp; Gregg Vanderheiden, \u201cThe Universal Design File\u201d, sida 34-35, (1997)<\/p>\n<p>[^7]: <a href=\"http:\/\/www.vgregion.se\/sv\/Vastra-Gotalandsregionen\/startsida\/Om-Vastra-Gotalandsregionen\/\">Om V\u00e4stra G\u00f6talandsregionen<\/a>, h\u00e4mtad 25 november, 2016.<\/p>\n<p>[^8]: <a href=\"http:\/\/www.scb.se\/sv_\/Hitta-statistik\/Statistik-efter-amne\/Befolkning\/Befolkningens-sammansattning\/Befolkningsstatistik\/25788\/25795\/Helarsstatistik---Forsamling-landskap-och-stad\/403147\/\">SCB:s statistik<\/a>, h\u00e4mtad 25 november, 2016.<\/p>\n<p>[^9]: <a href=\"http:\/\/www.gp.se\/livsstil\/bostad\/s%25C3%25A5-mycket-v%25C3%25A4xer-din-stadsdel-1.40946\">\u201dS\u00e5 mycket v\u00e4xer din stadsdel\u201d, ANGERED (49 920 inv\u00e5nare \u2013 19 043 bost\u00e4der), gp.se<\/a>, l\u00e4st 25 november, 2016.<\/p>\n<p>[^10]: Arbetsmilj\u00f6verket, \u201c<a href=\"https:\/\/www.av.se\/globalassets\/filer\/publikationer\/kunskapssammanstallningar\/den-hjarnvanliga-arbetsplatsen-kunskapssammanstallningar-rap-2014-2.pdf\">Den hj\u00e4rnv\u00e4nliga arbetsplatsen<\/a> \u2013 kognition, kognitiva funktionsneds\u00e4ttningar och arbetsmilj\u00f6\u201d, (2014)<\/p>\n<p>[^11]: Arbetsmilj\u00f6verket i \u201c<a href=\"https:\/\/www.av.se\/globalassets\/filer\/publikationer\/kunskapssammanstallningar\/den-hjarnvanliga-arbetsplatsen-kunskapssammanstallningar-rap-2014-2.pdf\">Den hj\u00e4rnv\u00e4nliga arbetsplatsen<\/a>\u201d, (sida 23)<\/p>\n<p>[^12]: WHO, \u201dGlobal Burden of Disease Study 2010\u201d (Vos et al., 2012)<\/p>\n<p>[^13]: Arbetsmilj\u00f6verket i \u201c<a href=\"https:\/\/www.av.se\/globalassets\/filer\/publikationer\/kunskapssammanstallningar\/den-hjarnvanliga-arbetsplatsen-kunskapssammanstallningar-rap-2014-2.pdf\">Den hj\u00e4rnv\u00e4nliga arbetsplatsen<\/a>\u201d, (sida 26)<\/p>\n<p>[^14]: Ignes K, Stenberg P. \u201cFaktorer som p\u00e5verkar invandrares h\u00e4lsa negativt\u201d. Bor\u00e5s: H\u00f6gskolan i Bor\u00e5s\/institutionen f\u00f6r v\u00e5rdvetenskap (2008)<\/p>\n<p>[^15]: \u201cBehovsanalys f\u00f6r Angereds n\u00e4rsjukhus \u2013 ur ett befolkningsperspektiv\u201d. G\u00f6teborg: V\u00e4stra G\u00f6talandsregionen, Angereds n\u00e4rsjukhus (2010).<\/p>\n<p>[^16]: Peter F. Drucker, \u201cLandmarks of Tomorrow\u201d (nytryck 1996)<\/p>\n<p>[^17]: Oscar Berg och Henrik Gustafsson, \u201c<a href=\"http:\/\/www.dendigitalaarbetsplatsen.se\/\">Den digitala arbetsplatsen<\/a>\u201d, (2016)<\/p>\n<p>[^18]: Oscar Berg och Henrik Gustafsson, \u201cDen digitala arbetsplatsen\u201d, (2016)<\/p>\n<p>[^19]: Bella Martin, Bruce Hanington (2012)<\/p>\n<p>[^20]: Perfetti och Landesman, \u201cThe Truth About Download Time\u201d (2006), h\u00e4mtad 2016-12-07 fr\u00e5n <a href=\"https:\/\/articles.uie.com\/download_time\/\">articles.uie.com\/download_time\/<\/a><\/p>\n<p>[^21]: John Ekman, \u201c\u00c4r din sajt en Schweizisk Br\u00f6dk\u00e4rring?\u201d, (2012), h\u00e4mtad 2016-12-07 fr\u00e5n <a href=\"https:\/\/conversionista.se\/validering-personnummer\/\">conversionista.se\/validering-personnummer\/<\/a><\/p>\n<p>[^22]: Jonas S\u00f6derstr\u00f6m, \u201cJ\u00e4vla Skitsystem!\u201d (2010),\u00a0<a href=\"http:\/\/javlaskitsystem.se\">javlaskitsystem.se<\/a><\/p>\n<p>[^23]: Citat: \u201cAv de 50 000 anst\u00e4llda arbetar cirka 90 procent i h\u00e4lso- och sjukv\u00e5rden.\u201d, fr\u00e5n sida \u201cOm V\u00e4stra G\u00f6talandsregionen\u201d, l\u00e4st 2016-12-06, <a href=\"http:\/\/www.vgregion.se\/sv\/Vastra-Gotalandsregionen\/startsida\/Om-Vastra-Gotalandsregionen\/\">vgregion.se\/sv\/Vastra-Gotalandsregionen\/startsida\/Om-Vastra-Gotalandsregionen\/<\/a><\/p>\n<p>[^24]: <a href=\"http:\/\/www.gyllenkroken.se\">Stiftelsen Gyllenkroken<\/a><\/p>\n<p>[^25]: <a href=\"http:\/\/universaldesign.ie\/What-is-Universal-Design\/The-7-Principles\/\">The Principles of Universal Design<\/a><\/p>\n<p>[^26]: Jeff Johnson, \u201cDesigning with the Mind in Mind\u201d (2014)<\/p>\n<p>[^27]: Ilya Grigorik, <a href=\"https:\/\/www.youtube.com\/watch?v%3Daqvz5Oqs238\">Fast and resilient web apps: Tools and techniques &#8211; Google I\/O 2016 &#8211; YouTube<\/a><\/p>\n","protected":false},"excerpt":{"rendered":"<p>Inledning Ett projektarbete skrivet av Marcus \u00d6sterberg, utvecklingsledare inom avdelningen V\u00e5rdens digitalisering, V\u00e4stra G\u00f6talandsregionens koncernkontor. Projektarbetet \u00e4r en del av kursen &#8221;Universell utformning &#8211; designperspektiv, metoder och utv\u00e4rdering&#8221; p\u00e5 Lunds Universitet, HT 2016. Detta projektarbete anv\u00e4nder principer fr\u00e5n universal design f\u00f6r att utforma exempelanv\u00e4ndare &#8211; s\u00e5 kallade personas &#8211; f\u00f6r att ge en nyanserad bild &hellip; <\/p>\n<p class=\"link-more\"><a href=\"https:\/\/vgrblogg.se\/utveckling\/2017\/02\/01\/en-digital-arbetsplats-for-alla\/\" class=\"more-link\">Forts\u00e4tt l\u00e4sa<span class=\"screen-reader-text\"> \u201dEn digital arbetsplats f\u00f6r alla (\u00e4ven kognitivt nedsatta)\u201d<\/span><\/a><\/p>\n","protected":false},"author":3,"featured_media":845,"comment_status":"open","ping_status":"open","sticky":false,"template":"","format":"standard","meta":{"footnotes":""},"categories":[3],"tags":[15,18,45,65,106,107,108,110,139,159,168,212,216,256,261,271,278,280,313,318,327,333,393,435,454,460,472,523,549,576,582,608,634,651,665,675,735],"class_list":["post-842","post","type-post","status-publish","format-standard","has-post-thumbnail","hentry","category-digitala-medier-webbutveckling","tag-4g","tag-adb-automatisk-databehandling","tag-arbetsmiljoverket","tag-bettye-rose-connell","tag-design-for-alla","tag-design-for-real-life","tag-design-thinking","tag-designing-with-the-mind-in-mind","tag-eric-meyer","tag-forefront-threat-management-gateway","tag-funktionsnedsattningar","tag-henrik-gustafsson","tag-heroma","tag-internet-explorer","tag-intranat","tag-jeff-johnson","tag-john-ekman","tag-jonas-soderstrom","tag-kognition","tag-kom-ga","tag-kroniskt-obstruktiv-lungsjukdom-kol","tag-kunskapsarbetare","tag-mobile-first","tag-oscar-berg","tag-per-olof-hedvall","tag-personas","tag-peter-f-drucker","tag-raindance","tag-sara-wachter-boettcher","tag-servicedesign","tag-simulering","tag-stiftelsen-gyllenkroken","tag-tele2","tag-tillganglighet","tag-universell-utformning","tag-varldshalsoorganisation-who","tag-yammer"],"yoast_head":"<!-- This site is optimized with the Yoast SEO plugin v25.6 - https:\/\/yoast.com\/wordpress\/plugins\/seo\/ -->\n<title>En digital arbetsplats f\u00f6r alla (\u00e4ven kognitivt nedsatta) &#8212; Utveckling i VGR<\/title>\n<meta name=\"robots\" content=\"index, follow, max-snippet:-1, max-image-preview:large, max-video-preview:-1\" \/>\n<link rel=\"canonical\" href=\"https:\/\/vgrblogg.se\/utveckling\/2017\/02\/01\/en-digital-arbetsplats-for-alla\/\" \/>\n<meta property=\"og:locale\" content=\"sv_SE\" \/>\n<meta property=\"og:type\" content=\"article\" \/>\n<meta property=\"og:title\" content=\"En digital arbetsplats f\u00f6r alla (\u00e4ven kognitivt nedsatta) &#8212; Utveckling i VGR\" \/>\n<meta property=\"og:description\" content=\"Inledning Ett projektarbete skrivet av Marcus \u00d6sterberg, utvecklingsledare inom avdelningen V\u00e5rdens digitalisering, V\u00e4stra G\u00f6talandsregionens koncernkontor. Projektarbetet \u00e4r en del av kursen &#8221;Universell utformning &#8211; designperspektiv, metoder och utv\u00e4rdering&#8221; p\u00e5 Lunds Universitet, HT 2016. Detta projektarbete anv\u00e4nder principer fr\u00e5n universal design f\u00f6r att utforma exempelanv\u00e4ndare &#8211; s\u00e5 kallade personas &#8211; f\u00f6r att ge en nyanserad bild &hellip; Forts\u00e4tt l\u00e4sa \u201dEn digital arbetsplats f\u00f6r alla (\u00e4ven kognitivt nedsatta)\u201d\" \/>\n<meta property=\"og:url\" content=\"https:\/\/vgrblogg.se\/utveckling\/2017\/02\/01\/en-digital-arbetsplats-for-alla\/\" \/>\n<meta property=\"og:site_name\" content=\"Utveckling i VGR\" \/>\n<meta property=\"article:published_time\" content=\"2017-02-01T20:02:31+00:00\" \/>\n<meta property=\"article:modified_time\" content=\"2022-07-20T12:42:50+00:00\" \/>\n<meta property=\"og:image\" content=\"https:\/\/vgrblogg.se\/utveckling\/wp-content\/uploads\/sites\/3\/2017\/02\/workplace-615375_1280-e1485972648382-1.jpg\" \/>\n\t<meta property=\"og:image:width\" content=\"901\" \/>\n\t<meta property=\"og:image:height\" content=\"598\" \/>\n\t<meta property=\"og:image:type\" content=\"image\/jpeg\" \/>\n<meta name=\"author\" content=\"Marcus \u00d6sterberg\" \/>\n<meta name=\"twitter:card\" content=\"summary_large_image\" \/>\n<meta name=\"twitter:creator\" content=\"@marcusosterberg\" \/>\n<meta name=\"twitter:label1\" content=\"Skriven av\" \/>\n\t<meta name=\"twitter:data1\" content=\"Marcus \u00d6sterberg\" \/>\n\t<meta name=\"twitter:label2\" content=\"Ber\u00e4knad l\u00e4stid\" \/>\n\t<meta name=\"twitter:data2\" content=\"67 minuter\" \/>\n<script type=\"application\/ld+json\" class=\"yoast-schema-graph\">{\"@context\":\"https:\/\/schema.org\",\"@graph\":[{\"@type\":\"Article\",\"@id\":\"https:\/\/vgrblogg.se\/utveckling\/2017\/02\/01\/en-digital-arbetsplats-for-alla\/#article\",\"isPartOf\":{\"@id\":\"https:\/\/vgrblogg.se\/utveckling\/2017\/02\/01\/en-digital-arbetsplats-for-alla\/\"},\"author\":{\"name\":\"Marcus \u00d6sterberg\",\"@id\":\"https:\/\/vgrblogg.se\/utveckling\/#\/schema\/person\/89521ab4d20982613661305cbdd5bc79\"},\"headline\":\"En digital arbetsplats f\u00f6r alla (\u00e4ven kognitivt nedsatta)\",\"datePublished\":\"2017-02-01T20:02:31+00:00\",\"dateModified\":\"2022-07-20T12:42:50+00:00\",\"mainEntityOfPage\":{\"@id\":\"https:\/\/vgrblogg.se\/utveckling\/2017\/02\/01\/en-digital-arbetsplats-for-alla\/\"},\"wordCount\":14931,\"commentCount\":3,\"publisher\":{\"@id\":\"https:\/\/vgrblogg.se\/utveckling\/#organization\"},\"image\":{\"@id\":\"https:\/\/vgrblogg.se\/utveckling\/2017\/02\/01\/en-digital-arbetsplats-for-alla\/#primaryimage\"},\"thumbnailUrl\":\"https:\/\/vgrblogg.se\/utveckling\/wp-content\/uploads\/sites\/3\/2017\/02\/workplace-615375_1280-e1485972648382-1.jpg\",\"keywords\":[\"4G\",\"ADB (Automatisk DataBehandling)\",\"Arbetsmilj\u00f6verket\",\"Bettye Rose Connell\",\"Design f\u00f6r alla\",\"Design for Real Life\",\"Design thinking\",\"Designing with the Mind in Mind\",\"Eric Meyer\",\"Forefront Threat Management Gateway\",\"Funktionsneds\u00e4ttningar\",\"Henrik Gustafsson\",\"Heroma\",\"Internet Explorer\",\"Intran\u00e4t\",\"Jeff Johnson\",\"John Ekman\",\"Jonas S\u00f6derstr\u00f6m\",\"Kognition\",\"Kom &amp; G\u00e5\",\"Kroniskt Obstruktiv Lungsjukdom (KOL)\",\"Kunskapsarbetare\",\"Mobile first\",\"Oscar Berg\",\"Per-Olof Hedvall\",\"Personas\",\"Peter F. Drucker\",\"Raindance\",\"Sara Wachter-Boettcher\",\"Servicedesign\",\"Simulering\",\"Stiftelsen Gyllenkroken\",\"Tele2\",\"Tillg\u00e4nglighet\",\"Universell utformning\",\"V\u00e4rldsh\u00e4lsoorganisation (WHO)\",\"Yammer\"],\"articleSection\":[\"Digitala medier &amp; webbutveckling\"],\"inLanguage\":\"sv-SE\",\"potentialAction\":[{\"@type\":\"CommentAction\",\"name\":\"Comment\",\"target\":[\"https:\/\/vgrblogg.se\/utveckling\/2017\/02\/01\/en-digital-arbetsplats-for-alla\/#respond\"]}]},{\"@type\":\"WebPage\",\"@id\":\"https:\/\/vgrblogg.se\/utveckling\/2017\/02\/01\/en-digital-arbetsplats-for-alla\/\",\"url\":\"https:\/\/vgrblogg.se\/utveckling\/2017\/02\/01\/en-digital-arbetsplats-for-alla\/\",\"name\":\"En digital arbetsplats f\u00f6r alla (\u00e4ven kognitivt nedsatta) &#8212; Utveckling i VGR\",\"isPartOf\":{\"@id\":\"https:\/\/vgrblogg.se\/utveckling\/#website\"},\"primaryImageOfPage\":{\"@id\":\"https:\/\/vgrblogg.se\/utveckling\/2017\/02\/01\/en-digital-arbetsplats-for-alla\/#primaryimage\"},\"image\":{\"@id\":\"https:\/\/vgrblogg.se\/utveckling\/2017\/02\/01\/en-digital-arbetsplats-for-alla\/#primaryimage\"},\"thumbnailUrl\":\"https:\/\/vgrblogg.se\/utveckling\/wp-content\/uploads\/sites\/3\/2017\/02\/workplace-615375_1280-e1485972648382-1.jpg\",\"datePublished\":\"2017-02-01T20:02:31+00:00\",\"dateModified\":\"2022-07-20T12:42:50+00:00\",\"breadcrumb\":{\"@id\":\"https:\/\/vgrblogg.se\/utveckling\/2017\/02\/01\/en-digital-arbetsplats-for-alla\/#breadcrumb\"},\"inLanguage\":\"sv-SE\",\"potentialAction\":[{\"@type\":\"ReadAction\",\"target\":[\"https:\/\/vgrblogg.se\/utveckling\/2017\/02\/01\/en-digital-arbetsplats-for-alla\/\"]}]},{\"@type\":\"ImageObject\",\"inLanguage\":\"sv-SE\",\"@id\":\"https:\/\/vgrblogg.se\/utveckling\/2017\/02\/01\/en-digital-arbetsplats-for-alla\/#primaryimage\",\"url\":\"https:\/\/vgrblogg.se\/utveckling\/wp-content\/uploads\/sites\/3\/2017\/02\/workplace-615375_1280-e1485972648382-1.jpg\",\"contentUrl\":\"https:\/\/vgrblogg.se\/utveckling\/wp-content\/uploads\/sites\/3\/2017\/02\/workplace-615375_1280-e1485972648382-1.jpg\",\"width\":901,\"height\":598,\"caption\":\"En digital arbetsplats \u00e4r b\u00e5de mobil och dator?\"},{\"@type\":\"BreadcrumbList\",\"@id\":\"https:\/\/vgrblogg.se\/utveckling\/2017\/02\/01\/en-digital-arbetsplats-for-alla\/#breadcrumb\",\"itemListElement\":[{\"@type\":\"ListItem\",\"position\":1,\"name\":\"Hem\",\"item\":\"https:\/\/vgrblogg.se\/utveckling\/\"},{\"@type\":\"ListItem\",\"position\":2,\"name\":\"En digital arbetsplats f\u00f6r alla (\u00e4ven kognitivt nedsatta)\"}]},{\"@type\":\"WebSite\",\"@id\":\"https:\/\/vgrblogg.se\/utveckling\/#website\",\"url\":\"https:\/\/vgrblogg.se\/utveckling\/\",\"name\":\"Utveckling i VGR\",\"description\":\"Inblick i utvecklingsarbetet inom VGR\",\"publisher\":{\"@id\":\"https:\/\/vgrblogg.se\/utveckling\/#organization\"},\"potentialAction\":[{\"@type\":\"SearchAction\",\"target\":{\"@type\":\"EntryPoint\",\"urlTemplate\":\"https:\/\/vgrblogg.se\/utveckling\/?s={search_term_string}\"},\"query-input\":{\"@type\":\"PropertyValueSpecification\",\"valueRequired\":true,\"valueName\":\"search_term_string\"}}],\"inLanguage\":\"sv-SE\"},{\"@type\":\"Organization\",\"@id\":\"https:\/\/vgrblogg.se\/utveckling\/#organization\",\"name\":\"Utveckling i VGR\",\"url\":\"https:\/\/vgrblogg.se\/utveckling\/\",\"logo\":{\"@type\":\"ImageObject\",\"inLanguage\":\"sv-SE\",\"@id\":\"https:\/\/vgrblogg.se\/utveckling\/#\/schema\/logo\/image\/\",\"url\":\"https:\/\/vgrblogg.se\/utveckling\/wp-content\/uploads\/sites\/3\/2018\/02\/cropped-logotype_color-1.png\",\"contentUrl\":\"https:\/\/vgrblogg.se\/utveckling\/wp-content\/uploads\/sites\/3\/2018\/02\/cropped-logotype_color-1.png\",\"width\":1234,\"height\":250,\"caption\":\"Utveckling i VGR\"},\"image\":{\"@id\":\"https:\/\/vgrblogg.se\/utveckling\/#\/schema\/logo\/image\/\"}},{\"@type\":\"Person\",\"@id\":\"https:\/\/vgrblogg.se\/utveckling\/#\/schema\/person\/89521ab4d20982613661305cbdd5bc79\",\"name\":\"Marcus \u00d6sterberg\",\"image\":{\"@type\":\"ImageObject\",\"inLanguage\":\"sv-SE\",\"@id\":\"https:\/\/vgrblogg.se\/utveckling\/#\/schema\/person\/image\/\",\"url\":\"https:\/\/secure.gravatar.com\/avatar\/3e009001c1a7e5183f24b2642fdbf63d?s=96&d=mm&r=g\",\"contentUrl\":\"https:\/\/secure.gravatar.com\/avatar\/3e009001c1a7e5183f24b2642fdbf63d?s=96&d=mm&r=g\",\"caption\":\"Marcus \u00d6sterberg\"},\"description\":\"Jobbade som utvecklings- och innovationsledare p\u00e5 V\u00e4stra G\u00f6talandsregionen, bl.a. p\u00e5 avdelningen V\u00e5rdens digitalisering, med expertis inom webbanalys och webbutveckling. Slutade 2022. F\u00f6rfattare till boken Webbstrategi f\u00f6r alla, samt Webbanalys - f\u00f6rst\u00e5 och f\u00f6rb\u00e4ttra anv\u00e4ndarnas upplevelse. Mer om Marcus \u00d6sterberg finns h\u00e4r.\",\"sameAs\":[\"https:\/\/marcusosterberg.se\",\"https:\/\/se.linkedin.com\/in\/marcusosterberg\",\"https:\/\/x.com\/marcusosterberg\"],\"url\":\"https:\/\/vgrblogg.se\/utveckling\/author\/mosterberg\/\"}]}<\/script>\n<!-- \/ Yoast SEO plugin. -->","yoast_head_json":{"title":"En digital arbetsplats f\u00f6r alla (\u00e4ven kognitivt nedsatta) &#8212; Utveckling i VGR","robots":{"index":"index","follow":"follow","max-snippet":"max-snippet:-1","max-image-preview":"max-image-preview:large","max-video-preview":"max-video-preview:-1"},"canonical":"https:\/\/vgrblogg.se\/utveckling\/2017\/02\/01\/en-digital-arbetsplats-for-alla\/","og_locale":"sv_SE","og_type":"article","og_title":"En digital arbetsplats f\u00f6r alla (\u00e4ven kognitivt nedsatta) &#8212; Utveckling i VGR","og_description":"Inledning Ett projektarbete skrivet av Marcus \u00d6sterberg, utvecklingsledare inom avdelningen V\u00e5rdens digitalisering, V\u00e4stra G\u00f6talandsregionens koncernkontor. Projektarbetet \u00e4r en del av kursen &#8221;Universell utformning &#8211; designperspektiv, metoder och utv\u00e4rdering&#8221; p\u00e5 Lunds Universitet, HT 2016. Detta projektarbete anv\u00e4nder principer fr\u00e5n universal design f\u00f6r att utforma exempelanv\u00e4ndare &#8211; s\u00e5 kallade personas &#8211; f\u00f6r att ge en nyanserad bild &hellip; Forts\u00e4tt l\u00e4sa \u201dEn digital arbetsplats f\u00f6r alla (\u00e4ven kognitivt nedsatta)\u201d","og_url":"https:\/\/vgrblogg.se\/utveckling\/2017\/02\/01\/en-digital-arbetsplats-for-alla\/","og_site_name":"Utveckling i VGR","article_published_time":"2017-02-01T20:02:31+00:00","article_modified_time":"2022-07-20T12:42:50+00:00","og_image":[{"width":901,"height":598,"url":"https:\/\/vgrblogg.se\/utveckling\/wp-content\/uploads\/sites\/3\/2017\/02\/workplace-615375_1280-e1485972648382-1.jpg","type":"image\/jpeg"}],"author":"Marcus \u00d6sterberg","twitter_card":"summary_large_image","twitter_creator":"@marcusosterberg","twitter_misc":{"Skriven av":"Marcus \u00d6sterberg","Ber\u00e4knad l\u00e4stid":"67 minuter"},"schema":{"@context":"https:\/\/schema.org","@graph":[{"@type":"Article","@id":"https:\/\/vgrblogg.se\/utveckling\/2017\/02\/01\/en-digital-arbetsplats-for-alla\/#article","isPartOf":{"@id":"https:\/\/vgrblogg.se\/utveckling\/2017\/02\/01\/en-digital-arbetsplats-for-alla\/"},"author":{"name":"Marcus \u00d6sterberg","@id":"https:\/\/vgrblogg.se\/utveckling\/#\/schema\/person\/89521ab4d20982613661305cbdd5bc79"},"headline":"En digital arbetsplats f\u00f6r alla (\u00e4ven kognitivt nedsatta)","datePublished":"2017-02-01T20:02:31+00:00","dateModified":"2022-07-20T12:42:50+00:00","mainEntityOfPage":{"@id":"https:\/\/vgrblogg.se\/utveckling\/2017\/02\/01\/en-digital-arbetsplats-for-alla\/"},"wordCount":14931,"commentCount":3,"publisher":{"@id":"https:\/\/vgrblogg.se\/utveckling\/#organization"},"image":{"@id":"https:\/\/vgrblogg.se\/utveckling\/2017\/02\/01\/en-digital-arbetsplats-for-alla\/#primaryimage"},"thumbnailUrl":"https:\/\/vgrblogg.se\/utveckling\/wp-content\/uploads\/sites\/3\/2017\/02\/workplace-615375_1280-e1485972648382-1.jpg","keywords":["4G","ADB (Automatisk DataBehandling)","Arbetsmilj\u00f6verket","Bettye Rose Connell","Design f\u00f6r alla","Design for Real Life","Design thinking","Designing with the Mind in Mind","Eric Meyer","Forefront Threat Management Gateway","Funktionsneds\u00e4ttningar","Henrik Gustafsson","Heroma","Internet Explorer","Intran\u00e4t","Jeff Johnson","John Ekman","Jonas S\u00f6derstr\u00f6m","Kognition","Kom &amp; G\u00e5","Kroniskt Obstruktiv Lungsjukdom (KOL)","Kunskapsarbetare","Mobile first","Oscar Berg","Per-Olof Hedvall","Personas","Peter F. Drucker","Raindance","Sara Wachter-Boettcher","Servicedesign","Simulering","Stiftelsen Gyllenkroken","Tele2","Tillg\u00e4nglighet","Universell utformning","V\u00e4rldsh\u00e4lsoorganisation (WHO)","Yammer"],"articleSection":["Digitala medier &amp; webbutveckling"],"inLanguage":"sv-SE","potentialAction":[{"@type":"CommentAction","name":"Comment","target":["https:\/\/vgrblogg.se\/utveckling\/2017\/02\/01\/en-digital-arbetsplats-for-alla\/#respond"]}]},{"@type":"WebPage","@id":"https:\/\/vgrblogg.se\/utveckling\/2017\/02\/01\/en-digital-arbetsplats-for-alla\/","url":"https:\/\/vgrblogg.se\/utveckling\/2017\/02\/01\/en-digital-arbetsplats-for-alla\/","name":"En digital arbetsplats f\u00f6r alla (\u00e4ven kognitivt nedsatta) &#8212; Utveckling i VGR","isPartOf":{"@id":"https:\/\/vgrblogg.se\/utveckling\/#website"},"primaryImageOfPage":{"@id":"https:\/\/vgrblogg.se\/utveckling\/2017\/02\/01\/en-digital-arbetsplats-for-alla\/#primaryimage"},"image":{"@id":"https:\/\/vgrblogg.se\/utveckling\/2017\/02\/01\/en-digital-arbetsplats-for-alla\/#primaryimage"},"thumbnailUrl":"https:\/\/vgrblogg.se\/utveckling\/wp-content\/uploads\/sites\/3\/2017\/02\/workplace-615375_1280-e1485972648382-1.jpg","datePublished":"2017-02-01T20:02:31+00:00","dateModified":"2022-07-20T12:42:50+00:00","breadcrumb":{"@id":"https:\/\/vgrblogg.se\/utveckling\/2017\/02\/01\/en-digital-arbetsplats-for-alla\/#breadcrumb"},"inLanguage":"sv-SE","potentialAction":[{"@type":"ReadAction","target":["https:\/\/vgrblogg.se\/utveckling\/2017\/02\/01\/en-digital-arbetsplats-for-alla\/"]}]},{"@type":"ImageObject","inLanguage":"sv-SE","@id":"https:\/\/vgrblogg.se\/utveckling\/2017\/02\/01\/en-digital-arbetsplats-for-alla\/#primaryimage","url":"https:\/\/vgrblogg.se\/utveckling\/wp-content\/uploads\/sites\/3\/2017\/02\/workplace-615375_1280-e1485972648382-1.jpg","contentUrl":"https:\/\/vgrblogg.se\/utveckling\/wp-content\/uploads\/sites\/3\/2017\/02\/workplace-615375_1280-e1485972648382-1.jpg","width":901,"height":598,"caption":"En digital arbetsplats \u00e4r b\u00e5de mobil och dator?"},{"@type":"BreadcrumbList","@id":"https:\/\/vgrblogg.se\/utveckling\/2017\/02\/01\/en-digital-arbetsplats-for-alla\/#breadcrumb","itemListElement":[{"@type":"ListItem","position":1,"name":"Hem","item":"https:\/\/vgrblogg.se\/utveckling\/"},{"@type":"ListItem","position":2,"name":"En digital arbetsplats f\u00f6r alla (\u00e4ven kognitivt nedsatta)"}]},{"@type":"WebSite","@id":"https:\/\/vgrblogg.se\/utveckling\/#website","url":"https:\/\/vgrblogg.se\/utveckling\/","name":"Utveckling i VGR","description":"Inblick i utvecklingsarbetet inom VGR","publisher":{"@id":"https:\/\/vgrblogg.se\/utveckling\/#organization"},"potentialAction":[{"@type":"SearchAction","target":{"@type":"EntryPoint","urlTemplate":"https:\/\/vgrblogg.se\/utveckling\/?s={search_term_string}"},"query-input":{"@type":"PropertyValueSpecification","valueRequired":true,"valueName":"search_term_string"}}],"inLanguage":"sv-SE"},{"@type":"Organization","@id":"https:\/\/vgrblogg.se\/utveckling\/#organization","name":"Utveckling i VGR","url":"https:\/\/vgrblogg.se\/utveckling\/","logo":{"@type":"ImageObject","inLanguage":"sv-SE","@id":"https:\/\/vgrblogg.se\/utveckling\/#\/schema\/logo\/image\/","url":"https:\/\/vgrblogg.se\/utveckling\/wp-content\/uploads\/sites\/3\/2018\/02\/cropped-logotype_color-1.png","contentUrl":"https:\/\/vgrblogg.se\/utveckling\/wp-content\/uploads\/sites\/3\/2018\/02\/cropped-logotype_color-1.png","width":1234,"height":250,"caption":"Utveckling i VGR"},"image":{"@id":"https:\/\/vgrblogg.se\/utveckling\/#\/schema\/logo\/image\/"}},{"@type":"Person","@id":"https:\/\/vgrblogg.se\/utveckling\/#\/schema\/person\/89521ab4d20982613661305cbdd5bc79","name":"Marcus \u00d6sterberg","image":{"@type":"ImageObject","inLanguage":"sv-SE","@id":"https:\/\/vgrblogg.se\/utveckling\/#\/schema\/person\/image\/","url":"https:\/\/secure.gravatar.com\/avatar\/3e009001c1a7e5183f24b2642fdbf63d?s=96&d=mm&r=g","contentUrl":"https:\/\/secure.gravatar.com\/avatar\/3e009001c1a7e5183f24b2642fdbf63d?s=96&d=mm&r=g","caption":"Marcus \u00d6sterberg"},"description":"Jobbade som utvecklings- och innovationsledare p\u00e5 V\u00e4stra G\u00f6talandsregionen, bl.a. p\u00e5 avdelningen V\u00e5rdens digitalisering, med expertis inom webbanalys och webbutveckling. Slutade 2022. F\u00f6rfattare till boken Webbstrategi f\u00f6r alla, samt Webbanalys - f\u00f6rst\u00e5 och f\u00f6rb\u00e4ttra anv\u00e4ndarnas upplevelse. Mer om Marcus \u00d6sterberg finns h\u00e4r.","sameAs":["https:\/\/marcusosterberg.se","https:\/\/se.linkedin.com\/in\/marcusosterberg","https:\/\/x.com\/marcusosterberg"],"url":"https:\/\/vgrblogg.se\/utveckling\/author\/mosterberg\/"}]}},"_links":{"self":[{"href":"https:\/\/vgrblogg.se\/utveckling\/wp-json\/wp\/v2\/posts\/842"}],"collection":[{"href":"https:\/\/vgrblogg.se\/utveckling\/wp-json\/wp\/v2\/posts"}],"about":[{"href":"https:\/\/vgrblogg.se\/utveckling\/wp-json\/wp\/v2\/types\/post"}],"author":[{"embeddable":true,"href":"https:\/\/vgrblogg.se\/utveckling\/wp-json\/wp\/v2\/users\/3"}],"replies":[{"embeddable":true,"href":"https:\/\/vgrblogg.se\/utveckling\/wp-json\/wp\/v2\/comments?post=842"}],"version-history":[{"count":3,"href":"https:\/\/vgrblogg.se\/utveckling\/wp-json\/wp\/v2\/posts\/842\/revisions"}],"predecessor-version":[{"id":2878,"href":"https:\/\/vgrblogg.se\/utveckling\/wp-json\/wp\/v2\/posts\/842\/revisions\/2878"}],"wp:featuredmedia":[{"embeddable":true,"href":"https:\/\/vgrblogg.se\/utveckling\/wp-json\/wp\/v2\/media\/845"}],"wp:attachment":[{"href":"https:\/\/vgrblogg.se\/utveckling\/wp-json\/wp\/v2\/media?parent=842"}],"wp:term":[{"taxonomy":"category","embeddable":true,"href":"https:\/\/vgrblogg.se\/utveckling\/wp-json\/wp\/v2\/categories?post=842"},{"taxonomy":"post_tag","embeddable":true,"href":"https:\/\/vgrblogg.se\/utveckling\/wp-json\/wp\/v2\/tags?post=842"}],"curies":[{"name":"wp","href":"https:\/\/api.w.org\/{rel}","templated":true}]}}